{"id":23561,"date":"2022-02-15T13:21:08","date_gmt":"2022-02-15T19:21:08","guid":{"rendered":"https:\/\/encuentroinformativo.com.mx\/?p=23561"},"modified":"2022-02-15T13:21:11","modified_gmt":"2022-02-15T19:21:11","slug":"con-capacitacion-se-prepara-pc-para-vacaciones-de-semana-santa","status":"publish","type":"post","link":"https:\/\/encuentroinformativo.com.mx\/?p=23561","title":{"rendered":"Con capacitaci\u00f3n se prepara PC para vacaciones de Semana Santa"},"content":{"rendered":"\n<p><strong>Dar\u00edo Pale <\/strong><\/p>\n\n\n\n<p>Xalapa, Ver.- Se encuentran capacitando a los elementos para que puedan atender cualquier tipo de emergencia de cara a las vacaciones de Semana Santa que se celebra en el mes de abril as\u00ed lo inform\u00f3 la titular de la Secretaria de Protecci\u00f3n Civil del estado Guadalupe Osorno Maldonado.<\/p>\n\n\n\n<p>En conferencia de prensa realizada en la sala de Banderas de palacio de gobierno se\u00f1al\u00f3 que con la llegada de los d\u00edas Santos, la reactivaci\u00f3n econ\u00f3mica y la llegada de turistas a la zona de costa y r\u00edos aumenta.<\/p>\n\n\n\n<p>Detall\u00f3 que luego de hacer una an\u00e1lisis previo, determinaron que se tiene que trabajar de manera anticipada con las autoridades locales as\u00ed como con operadores de servicio.<\/p>\n\n\n\n<p>&#8220;Esto es para la temporada de Semana Santa, el a\u00f1o pasado tambi\u00e9n lo entendimos al fin de semana (&#8230;) el gobernador nos ha instruido empezar a prepararnos desde antes&#8221;, coment\u00f3.<\/p>\n\n\n\n<p>La funcionaria estatal coment\u00f3 que, ahora con la llegada de nuevas autoridades municipales, es que se busca tener un acercamiento a fin de que se conozcan como actuar ante cualquier emergencia en un cuerpo de agua.<\/p>\n\n\n\n<p>Y es que dijo que se tiene el mismo n\u00famero de ahogamientos en el mar como en lagunas y r\u00edos, por lo que insisti\u00f3 que es necesario no solo trabajar con los 29 municipios costeros si no con algunos otros que tienen puntos de recreaci\u00f3n acu\u00e1tica.<\/p>\n\n\n\n<p>Finalmente dio a conocer que, &#8220;es por eso que hemos establecido algunas capacitaciones previas y el acompa\u00f1amiento durante estas semanas con los enlaces regionales de protecci\u00f3n civil para llevar acabo esta llevar estos planes operativos&#8221;.<\/p>\n","protected":false},"excerpt":{"rendered":"<p>Dar\u00edo Pale Xalapa, Ver.- Se encuentran capacitando a los elementos para que puedan atender cualquier tipo de emergencia de cara a las vacaciones de Semana Santa que se celebra en el mes de abril as\u00ed lo inform\u00f3 la titular de la Secretaria de Protecci\u00f3n Civil del estado Guadalupe Osorno Maldonado. En conferencia de prensa realizada [&hellip;]<\/p>\n","protected":false},"author":1,"featured_media":23562,"comment_status":"open","ping_status":"open","sticky":false,"template":"","format":"standard","meta":{"_jetpack_memberships_contains_paid_content":false,"footnotes":""},"categories":[2],"tags":[],"class_list":["post-23561","post","type-post","status-publish","format-standard","has-post-thumbnail","hentry","category-estado"],"jetpack_featured_media_url":"https:\/\/encuentroinformativo.com.mx\/wp-content\/uploads\/2022\/02\/8FF4006C-00E1-4059-B35B-CA47FC938448.jpeg","jetpack_sharing_enabled":true,"jetpack_likes_enabled":true,"amp_enabled":true,"_links":{"self":[{"href":"https:\/\/encuentroinformativo.com.mx\/index.php?rest_route=\/wp\/v2\/posts\/23561","targetHints":{"allow":["GET"]}}],"collection":[{"href":"https:\/\/encuentroinformativo.com.mx\/index.php?rest_route=\/wp\/v2\/posts"}],"about":[{"href":"https:\/\/encuentroinformativo.com.mx\/index.php?rest_route=\/wp\/v2\/types\/post"}],"author":[{"embeddable":true,"href":"https:\/\/encuentroinformativo.com.mx\/index.php?rest_route=\/wp\/v2\/users\/1"}],"replies":[{"embeddable":true,"href":"https:\/\/encuentroinformativo.com.mx\/index.php?rest_route=%2Fwp%2Fv2%2Fcomments&post=23561"}],"version-history":[{"count":1,"href":"https:\/\/encuentroinformativo.com.mx\/index.php?rest_route=\/wp\/v2\/posts\/23561\/revisions"}],"predecessor-version":[{"id":23563,"href":"https:\/\/encuentroinformativo.com.mx\/index.php?rest_route=\/wp\/v2\/posts\/23561\/revisions\/23563"}],"wp:featuredmedia":[{"embeddable":true,"href":"https:\/\/encuentroinformativo.com.mx\/index.php?rest_route=\/wp\/v2\/media\/23562"}],"wp:attachment":[{"href":"https:\/\/encuentroinformativo.com.mx\/index.php?rest_route=%2Fwp%2Fv2%2Fmedia&parent=23561"}],"wp:term":[{"taxonomy":"category","embeddable":true,"href":"https:\/\/encuentroinformativo.com.mx\/index.php?rest_route=%2Fwp%2Fv2%2Fcategories&post=23561"},{"taxonomy":"post_tag","embeddable":true,"href":"https:\/\/encuentroinformativo.com.mx\/index.php?rest_route=%2Fwp%2Fv2%2Ftags&post=23561"}],"curies":[{"name":"wp","href":"https:\/\/api.w.org\/{rel}","templated":true}]}}