{"id":23564,"date":"2022-02-15T13:26:40","date_gmt":"2022-02-15T19:26:40","guid":{"rendered":"https:\/\/encuentroinformativo.com.mx\/?p=23564"},"modified":"2022-02-15T13:26:43","modified_gmt":"2022-02-15T19:26:43","slug":"marchan-en-alvarado-contra-caev-llevan-5-meses-sin-agua","status":"publish","type":"post","link":"https:\/\/encuentroinformativo.com.mx\/?p=23564","title":{"rendered":"Marchan en Alvarado contra CAEV; llevan 5 meses sin agua"},"content":{"rendered":"\n<p><strong>Alejandro \u00c1vila<\/strong><\/p>\n\n\n\n<p>Alvarado, Ver.- Debido al desabasto de agua desde hace cinco meses, ciudadanos de la cabecera municipal de Alvarado realizaron una marcha, este martes 15 de febrero, saliendo del Pozo 1 con direcci\u00f3n a la delegaci\u00f3n de CAEV.<\/p>\n\n\n\n<p>Paulino Gonz\u00e1lez Sosa, representante del grupo Atlizintla, se\u00f1al\u00f3 que las colonias afectadas son Paso Nacional, Escolleras, Pantanal, La Fuente y colonia Centro, en la cabecera municipal.<\/p>\n\n\n\n<p>&#8220;Aqu\u00ed hay un problema de fundo legal, el problema es que el Ayuntamiento no ha dado el permiso para la perforaci\u00f3n, porque no tiene el deslinde del terreno donde se encuentra el pozo. Este terreno fue donado hace muchos a\u00f1os, y el Ayuntamiento lo compro para CAEV, para que se instalar el pozo ah\u00ed. Aparecieron unos due\u00f1os que viven juntos y no permite el acceso de ninguna maquinaria, para que pueda ser perforado el pozo, el pozo estando perforado,&nbsp; ya con eso solucionamos el mayor problema en la cabecera municipal, pero las personas que sustentan como due\u00f1os no han permitido el acceso a CAEV, y el Ayuntamiento argumenta que no tiene el deslinde para iniciar con la perforaci\u00f3n del pozo&#8221;, asest\u00f3.<\/p>\n\n\n\n<p>Dentro del pliego petitorio qu\u00e9 presentar\u00e1n a los representantes de CAEV, solicitar\u00e1n le sean enviadas 5 pipas diarias para abastecerse de agua; pues al momento, existen particulares qu\u00e9 les venden el l\u00edquido, afectando la econom\u00eda de los ciudadanos.<\/p>\n\n\n\n<p>\u201cEse ha sido otro problema, hay gente con pipas particulares que est\u00e1 vendiendo el agua a toda la ciudadan\u00eda, t\u00fa sabes que el agua no puede ser vendida, y CAEV lo est\u00e1 permitiendo (\u2026) las pipas particulares por llenarte dos tanques de mil litros o de 800, te cobran hasta 300 pesos (\u2026) cada 8 d\u00edas m\u00ednimo, porque pues hay gente que, ocupa m\u00e1s agua que otras&#8221;, remat\u00f3.<\/p>\n","protected":false},"excerpt":{"rendered":"<p>Alejandro \u00c1vila Alvarado, Ver.- Debido al desabasto de agua desde hace cinco meses, ciudadanos de la cabecera municipal de Alvarado realizaron una marcha, este martes 15 de febrero, saliendo del Pozo 1 con direcci\u00f3n a la delegaci\u00f3n de CAEV. Paulino Gonz\u00e1lez Sosa, representante del grupo Atlizintla, se\u00f1al\u00f3 que las colonias afectadas son Paso Nacional, Escolleras, [&hellip;]<\/p>\n","protected":false},"author":1,"featured_media":23565,"comment_status":"open","ping_status":"open","sticky":false,"template":"","format":"standard","meta":{"_jetpack_memberships_contains_paid_content":false,"footnotes":""},"categories":[2],"tags":[],"class_list":["post-23564","post","type-post","status-publish","format-standard","has-post-thumbnail","hentry","category-estado"],"jetpack_featured_media_url":"https:\/\/encuentroinformativo.com.mx\/wp-content\/uploads\/2022\/02\/E631F6E8-4EC7-45C5-AFF1-B8A002966CEF.jpeg","jetpack_sharing_enabled":true,"jetpack_likes_enabled":true,"amp_enabled":true,"_links":{"self":[{"href":"https:\/\/encuentroinformativo.com.mx\/index.php?rest_route=\/wp\/v2\/posts\/23564","targetHints":{"allow":["GET"]}}],"collection":[{"href":"https:\/\/encuentroinformativo.com.mx\/index.php?rest_route=\/wp\/v2\/posts"}],"about":[{"href":"https:\/\/encuentroinformativo.com.mx\/index.php?rest_route=\/wp\/v2\/types\/post"}],"author":[{"embeddable":true,"href":"https:\/\/encuentroinformativo.com.mx\/index.php?rest_route=\/wp\/v2\/users\/1"}],"replies":[{"embeddable":true,"href":"https:\/\/encuentroinformativo.com.mx\/index.php?rest_route=%2Fwp%2Fv2%2Fcomments&post=23564"}],"version-history":[{"count":1,"href":"https:\/\/encuentroinformativo.com.mx\/index.php?rest_route=\/wp\/v2\/posts\/23564\/revisions"}],"predecessor-version":[{"id":23566,"href":"https:\/\/encuentroinformativo.com.mx\/index.php?rest_route=\/wp\/v2\/posts\/23564\/revisions\/23566"}],"wp:featuredmedia":[{"embeddable":true,"href":"https:\/\/encuentroinformativo.com.mx\/index.php?rest_route=\/wp\/v2\/media\/23565"}],"wp:attachment":[{"href":"https:\/\/encuentroinformativo.com.mx\/index.php?rest_route=%2Fwp%2Fv2%2Fmedia&parent=23564"}],"wp:term":[{"taxonomy":"category","embeddable":true,"href":"https:\/\/encuentroinformativo.com.mx\/index.php?rest_route=%2Fwp%2Fv2%2Fcategories&post=23564"},{"taxonomy":"post_tag","embeddable":true,"href":"https:\/\/encuentroinformativo.com.mx\/index.php?rest_route=%2Fwp%2Fv2%2Ftags&post=23564"}],"curies":[{"name":"wp","href":"https:\/\/api.w.org\/{rel}","templated":true}]}}