{"id":23577,"date":"2022-02-15T23:50:05","date_gmt":"2022-02-16T05:50:05","guid":{"rendered":"https:\/\/encuentroinformativo.com.mx\/?p=23577"},"modified":"2022-02-15T23:50:09","modified_gmt":"2022-02-16T05:50:09","slug":"no-es-necesario-esperar-cinco-meses-para-vacunacion-de-refuerzo","status":"publish","type":"post","link":"https:\/\/encuentroinformativo.com.mx\/?p=23577","title":{"rendered":"No es necesario esperar cinco meses para vacunaci\u00f3n de refuerzo"},"content":{"rendered":"\n<p><strong>Alejandro \u00c1vila<\/strong><\/p>\n\n\n\n<p>Boca del R\u00edo, Ver.- La Directora Regional de Bienestar en la zona conurbada Veracruz &#8211; Boca del R\u00edo, Valeria Arteaga, asegur\u00f3 que, la vacuna de refuerzo de COVID-19 se puede aplicar en un lapso m\u00ednimo de 4 meses, tras la segunda dosis.<\/p>\n\n\n\n<p>La funcionaria Federal reconoci\u00f3 que, existe una inquietud entre la ciudadan\u00eda, debido a que en la plataforma de Internet, se especifica que el lapso m\u00ednimo para aplicar una nueva dosis, es de 5 meses; sin embargo, dijo que la Secretar\u00eda de Salud recientemente \u00e1valo la opci\u00f3n de un m\u00ednimo de 4 meses, sin que exista alg\u00fan riesgo en las personas.<\/p>\n\n\n\n<p>Expus\u00f3 que, en la p\u00e1gina&nbsp;mivacuna.salud.gob.mx, al solicitar el refuerzo e ingresar los datos, en autom\u00e1tico manda un aviso, recomendando aplicarse la vacuna tras 5 meses; aunque, se permite continuar con el registro, para posteriormente imprimirlo y presentarlo en los m\u00f3dulos de vacunaci\u00f3n en Veracruz y Xalapa.<\/p>\n\n\n\n<p>\u201cAyer estuvimos haciendo varias pruebas en donde es verdad que la plataforma manda un mensaje de recomendaci\u00f3n de que debe ser cuando menos 5 meses, pero ya en el pulso de la salud se estuvo informando que a partir de 4 meses de conclusi\u00f3n del esquema de vacunaci\u00f3n van a poder venir a recibir este refuerzo; es decir, la plataforma manda el mensaje, sin embargo permite continuar con el registro e imprimir\u201d, agreg\u00f3.<\/p>\n\n\n\n<p>Valeria Arteaga dijo que si alguna persona no pudiera realizar el pre-registro, puede acudir a los m\u00f3dulos de vacunaci\u00f3n, para concluir el llenado a mano, pero esto quita agilidad al proceso.<\/p>\n\n\n\n<p>&nbsp;\u201cLa importancia de hacer el pre registro en la plataforma es que al momento de hacer el registro nosotros capturamos nuestros datos y es m\u00e1s f\u00e1cil y con menos error en el momento que hagamos la captura a mano.&nbsp; Necesitar\u00edamos su CUPR, papeleta de segunda y primera dosis, y para quienes tengan el certificado de vacunaci\u00f3n y certificado de vacunaci\u00f3n\u201d, dijo.<\/p>\n\n\n\n<p>Cabe recordar que la generaci\u00f3n de 30 a 39 a\u00f1os recibi\u00f3 la segunda dosis contra el COVID-19 en el mes de octubre, por ello, a\u00fan no se cumplen los 5 meses que originalmente se hab\u00eda recomendado esperar para el refuerzo.<\/p>\n","protected":false},"excerpt":{"rendered":"<p>Alejandro \u00c1vila Boca del R\u00edo, Ver.- La Directora Regional de Bienestar en la zona conurbada Veracruz &#8211; Boca del R\u00edo, Valeria Arteaga, asegur\u00f3 que, la vacuna de refuerzo de COVID-19 se puede aplicar en un lapso m\u00ednimo de 4 meses, tras la segunda dosis. La funcionaria Federal reconoci\u00f3 que, existe una inquietud entre la ciudadan\u00eda, [&hellip;]<\/p>\n","protected":false},"author":1,"featured_media":23578,"comment_status":"open","ping_status":"open","sticky":false,"template":"","format":"standard","meta":{"_jetpack_memberships_contains_paid_content":false,"footnotes":""},"categories":[9],"tags":[],"class_list":["post-23577","post","type-post","status-publish","format-standard","has-post-thumbnail","hentry","category-salud"],"jetpack_featured_media_url":"https:\/\/encuentroinformativo.com.mx\/wp-content\/uploads\/2022\/02\/8F13E9C9-F16F-456F-85BE-6776C930732A.jpeg","jetpack_sharing_enabled":true,"jetpack_likes_enabled":true,"amp_enabled":true,"_links":{"self":[{"href":"https:\/\/encuentroinformativo.com.mx\/index.php?rest_route=\/wp\/v2\/posts\/23577","targetHints":{"allow":["GET"]}}],"collection":[{"href":"https:\/\/encuentroinformativo.com.mx\/index.php?rest_route=\/wp\/v2\/posts"}],"about":[{"href":"https:\/\/encuentroinformativo.com.mx\/index.php?rest_route=\/wp\/v2\/types\/post"}],"author":[{"embeddable":true,"href":"https:\/\/encuentroinformativo.com.mx\/index.php?rest_route=\/wp\/v2\/users\/1"}],"replies":[{"embeddable":true,"href":"https:\/\/encuentroinformativo.com.mx\/index.php?rest_route=%2Fwp%2Fv2%2Fcomments&post=23577"}],"version-history":[{"count":1,"href":"https:\/\/encuentroinformativo.com.mx\/index.php?rest_route=\/wp\/v2\/posts\/23577\/revisions"}],"predecessor-version":[{"id":23579,"href":"https:\/\/encuentroinformativo.com.mx\/index.php?rest_route=\/wp\/v2\/posts\/23577\/revisions\/23579"}],"wp:featuredmedia":[{"embeddable":true,"href":"https:\/\/encuentroinformativo.com.mx\/index.php?rest_route=\/wp\/v2\/media\/23578"}],"wp:attachment":[{"href":"https:\/\/encuentroinformativo.com.mx\/index.php?rest_route=%2Fwp%2Fv2%2Fmedia&parent=23577"}],"wp:term":[{"taxonomy":"category","embeddable":true,"href":"https:\/\/encuentroinformativo.com.mx\/index.php?rest_route=%2Fwp%2Fv2%2Fcategories&post=23577"},{"taxonomy":"post_tag","embeddable":true,"href":"https:\/\/encuentroinformativo.com.mx\/index.php?rest_route=%2Fwp%2Fv2%2Ftags&post=23577"}],"curies":[{"name":"wp","href":"https:\/\/api.w.org\/{rel}","templated":true}]}}