{"id":23580,"date":"2022-02-15T23:55:55","date_gmt":"2022-02-16T05:55:55","guid":{"rendered":"https:\/\/encuentroinformativo.com.mx\/?p=23580"},"modified":"2022-02-15T23:55:59","modified_gmt":"2022-02-16T05:55:59","slug":"se-enfrentan-elementos-de-ssp-en-c5-de-boca-del-rio","status":"publish","type":"post","link":"https:\/\/encuentroinformativo.com.mx\/?p=23580","title":{"rendered":"Se enfrentan elementos de SSP en C5 de Boca del R\u00edo"},"content":{"rendered":"\n<p><strong>Alejandro \u00c1vila<\/strong><\/p>\n\n\n\n<p>Boca del R\u00edo, Ver.- Un elemento de la Fuerza Civil y otro de la Secretar\u00eda de Seguridad P\u00fablica, protagonizaron una ri\u00f1a al interior del C5 del municipio de Boca del R\u00edo; el saldo fue dos heridos de gravedad.<\/p>\n\n\n\n<p>Fuentes al interior del C5 se\u00f1alaron que, dos elementos comenzaron una ri\u00f1a que lleg\u00f3 al grado de sacar sus armas y detonarlas uno contra otro; los dos elementos heridos la noche de este martes fueron trasladados al Instituto Mexicano del Seguro Social (IMSS).<\/p>\n\n\n\n<p>Los cuerpos de emergencia de Bomberos Conurbados fueron qui\u00e9nes trasladaron a los elementos heridos del C5, ubicado en el bulevar &#8220;Adolfo Ruiz Cortines&#8221; hacia el hospital.<\/p>\n\n\n\n<p>Momentos m\u00e1s tarde elementos de la Polic\u00eda Ministerial llegaron al lugar para recolectar indicios e iniciar con la carpeta de investigaci\u00f3n pertinente por estos hechos.&nbsp;<\/p>\n\n\n\n<p>El bolet\u00edn de la Secretar\u00eda de Seguridad P\u00fablica inform\u00f3 que el incidente se dio en la sala de armer\u00edas, cuando por accidente se detonaron dos armas dejando a los elementos heridos; sin embargo, fuentes internas, confirman se trat\u00f3 de una ri\u00f1a entre dos personas que termin\u00f3 en disparos entre si.<\/p>\n\n\n\n<p>De manera extraoficial se ha informado que los dos elementos que resultaron heridos fueron trasladados al Instituto Mexicano del Seguro Social (IMSS), fallecieron minutos m\u00e1s tarde.<\/p>\n\n\n\n<figure class=\"wp-block-image size-large\"><img loading=\"lazy\" decoding=\"async\" width=\"1024\" height=\"576\" src=\"https:\/\/encuentroinformativo.com.mx\/wp-content\/uploads\/2022\/02\/AD663206-2E4E-4E52-A56F-B6639CF2C9E1-1024x576.jpeg\" alt=\"\" class=\"wp-image-23582\" srcset=\"https:\/\/encuentroinformativo.com.mx\/wp-content\/uploads\/2022\/02\/AD663206-2E4E-4E52-A56F-B6639CF2C9E1-1024x576.jpeg 1024w, https:\/\/encuentroinformativo.com.mx\/wp-content\/uploads\/2022\/02\/AD663206-2E4E-4E52-A56F-B6639CF2C9E1-300x169.jpeg 300w, https:\/\/encuentroinformativo.com.mx\/wp-content\/uploads\/2022\/02\/AD663206-2E4E-4E52-A56F-B6639CF2C9E1-768x432.jpeg 768w, https:\/\/encuentroinformativo.com.mx\/wp-content\/uploads\/2022\/02\/AD663206-2E4E-4E52-A56F-B6639CF2C9E1-1536x864.jpeg 1536w, https:\/\/encuentroinformativo.com.mx\/wp-content\/uploads\/2022\/02\/AD663206-2E4E-4E52-A56F-B6639CF2C9E1.jpeg 1599w\" sizes=\"auto, (max-width: 1024px) 100vw, 1024px\" \/><\/figure>\n","protected":false},"excerpt":{"rendered":"<p>Alejandro \u00c1vila Boca del R\u00edo, Ver.- Un elemento de la Fuerza Civil y otro de la Secretar\u00eda de Seguridad P\u00fablica, protagonizaron una ri\u00f1a al interior del C5 del municipio de Boca del R\u00edo; el saldo fue dos heridos de gravedad. Fuentes al interior del C5 se\u00f1alaron que, dos elementos comenzaron una ri\u00f1a que lleg\u00f3 al [&hellip;]<\/p>\n","protected":false},"author":1,"featured_media":23581,"comment_status":"open","ping_status":"open","sticky":false,"template":"","format":"standard","meta":{"_jetpack_memberships_contains_paid_content":false,"footnotes":""},"categories":[14],"tags":[],"class_list":["post-23580","post","type-post","status-publish","format-standard","has-post-thumbnail","hentry","category-policiaca"],"jetpack_featured_media_url":"https:\/\/encuentroinformativo.com.mx\/wp-content\/uploads\/2022\/02\/C53EBD2E-14A5-46EF-A3A5-C03B7DBF5081.jpeg","jetpack_sharing_enabled":true,"jetpack_likes_enabled":true,"amp_enabled":true,"_links":{"self":[{"href":"https:\/\/encuentroinformativo.com.mx\/index.php?rest_route=\/wp\/v2\/posts\/23580","targetHints":{"allow":["GET"]}}],"collection":[{"href":"https:\/\/encuentroinformativo.com.mx\/index.php?rest_route=\/wp\/v2\/posts"}],"about":[{"href":"https:\/\/encuentroinformativo.com.mx\/index.php?rest_route=\/wp\/v2\/types\/post"}],"author":[{"embeddable":true,"href":"https:\/\/encuentroinformativo.com.mx\/index.php?rest_route=\/wp\/v2\/users\/1"}],"replies":[{"embeddable":true,"href":"https:\/\/encuentroinformativo.com.mx\/index.php?rest_route=%2Fwp%2Fv2%2Fcomments&post=23580"}],"version-history":[{"count":1,"href":"https:\/\/encuentroinformativo.com.mx\/index.php?rest_route=\/wp\/v2\/posts\/23580\/revisions"}],"predecessor-version":[{"id":23583,"href":"https:\/\/encuentroinformativo.com.mx\/index.php?rest_route=\/wp\/v2\/posts\/23580\/revisions\/23583"}],"wp:featuredmedia":[{"embeddable":true,"href":"https:\/\/encuentroinformativo.com.mx\/index.php?rest_route=\/wp\/v2\/media\/23581"}],"wp:attachment":[{"href":"https:\/\/encuentroinformativo.com.mx\/index.php?rest_route=%2Fwp%2Fv2%2Fmedia&parent=23580"}],"wp:term":[{"taxonomy":"category","embeddable":true,"href":"https:\/\/encuentroinformativo.com.mx\/index.php?rest_route=%2Fwp%2Fv2%2Fcategories&post=23580"},{"taxonomy":"post_tag","embeddable":true,"href":"https:\/\/encuentroinformativo.com.mx\/index.php?rest_route=%2Fwp%2Fv2%2Ftags&post=23580"}],"curies":[{"name":"wp","href":"https:\/\/api.w.org\/{rel}","templated":true}]}}