{"id":23584,"date":"2022-02-16T09:23:31","date_gmt":"2022-02-16T15:23:31","guid":{"rendered":"https:\/\/encuentroinformativo.com.mx\/?p=23584"},"modified":"2022-02-16T09:23:35","modified_gmt":"2022-02-16T15:23:35","slug":"la-marca-morena","status":"publish","type":"post","link":"https:\/\/encuentroinformativo.com.mx\/?p=23584","title":{"rendered":"La marca Morena"},"content":{"rendered":"\n<p><strong>Los Pol\u00edticos<\/strong><\/p>\n\n\n\n<p><strong>Salvador Mu\u00f1oz<\/strong><\/p>\n\n\n\n<p>La mesura que demand\u00f3 Dante Delgado al grito que un jaranero dio celebrado por la concurrencia, tiene dos lecturas:<\/p>\n\n\n\n<p>La primera, es el conocimiento del \u201ctiming\u201d pol\u00edtico\u2026<\/p>\n\n\n\n<p>La segunda, sabe que los aplausos pueden convertirse en contra\u2026<\/p>\n\n\n\n<p>Al final, Dante no anda tan errado\u2026 bueno, tampoco la gente que empez\u00f3 a vitorear \u201cGobernador! Gobernador! Gobernador!\u201d porque guste o no, el cordob\u00e9s aparece entre los primeros m\u00e1s conocidos en las encuestas que tienen en su poder los de Palacio de Gobierno all\u00e1 en el Altiplano\u2026<\/p>\n\n\n\n<p>\u00bfSorprende? Bueno, quiz\u00e1s sorprenda m\u00e1s saber qui\u00e9n es el personaje pol\u00edtico m\u00e1s conocido en Veracruz en esos sondeos que tiene en su poder el Gobierno moreno: Miguel \u00c1ngel Yunes\u2026<\/p>\n\n\n\n<p>Aqu\u00ed, el nombre puede dar lugar a cierta confusi\u00f3n\u2026 es que al cuestionar a los veracruzanos sobre a cu\u00e1l pol\u00edtico ubica m\u00e1s, s\u00f3lo refieren \u201cMiguel \u00c1ngel Yunes\u201d que bien podr\u00eda ser el ex gobernador o su hijo, el ex candidato a la Gubernatura, pero si eso les parece significativo, relevante es que entre los otros nombres que m\u00e1s identifican en la encuesta est\u00e1 el de Fernando Yunes M\u00e1rquez\u2026<\/p>\n\n\n\n<p>\u00bfRecuerdan cuando la se\u00f1ora Leticia M\u00e1rquez dijo que uno de sus hijos iba a ser Gobernador? Entre las reacciones que hubo estuvo la de Fernando Yunes M\u00e1rquez, cuando al ser cuestionado por quien escribe, respondi\u00f3 que \u00e9l nunca desobedec\u00eda a su mam\u00e1.<\/p>\n\n\n\n<p>Entre los primeros nombres de los pol\u00edticos m\u00e1s conocidos, igual est\u00e1 el de H\u00e9ctor Yunes Landa y ah\u00ed por el cuarto o quinto est\u00e1 Roc\u00edo Nahle\u2026<\/p>\n\n\n\n<p>Si bien parecen buenas noticias para la oposici\u00f3n y m\u00e1s cuando en el reporte de Mitofsky del 11 de febrero, la aceptaci\u00f3n del presidente L\u00f3pez Obrador lleg\u00f3 al 62.1%, 7 d\u00e9cimas menos que a principios de mes, ah\u00ed le van las malas noticias\u2026<\/p>\n\n\n\n<p>Hay que destacar algo: En el tema de los m\u00e1s conocidos, los morenos no figuran, pero el asunto cambia cuando se relaciona al personaje con el partido y es entonces que Nahle alcanza una aceptaci\u00f3n por encima de sus adversarios tanto de casa como de la oposici\u00f3n\u2026<\/p>\n\n\n\n<p>Por si eso fuera poco, cuando se habla del partido, todav\u00eda el sentir de los encuestados se resiente cuando la aceptaci\u00f3n va por encima del 56 por ciento a favor de Morena\u2026<\/p>\n\n\n\n<p>Al parecer, la marca Morena o el efecto AMLO todav\u00eda tiene esa inercia que inici\u00f3 el pasado 2018 y se refrend\u00f3 en el 2021 en Veracruz\u2026 por eso, entre los que saben del teje y maneje al interior del partido, hay a\u00fan la confianza de que el 2024, el partido pueda mantenerse en el Gobierno estatal otros seis a\u00f1os\u2026 aunque el temor, incluso al interior de las distintas fuerzas que hay en el partido en el Poder, es que as\u00ed como el efecto Morena fue benigno con Cuitl\u00e1huac pero no as\u00ed con los veracruzanos, hay el riesgo de que \u201ccualquiera\u201d pudiera ganar la gubernatura cobijado con el sello del partido o por el mismo AMLO\u2026<\/p>\n\n\n\n<p>Esto es lo que en el palacio de Gobierno, en el Altiplano, tienen, conocen y manejan\u2026 interesante ser\u00eda conocer los n\u00fameros de la oposici\u00f3n, a ver si coinciden con los de Morena donde entre los m\u00e1s conocidos est\u00e1n los Yunes (ya sea el padre o el hijo, as\u00ed como Fernando) llevan mano, seguido de Dante Delgado, H\u00e9ctor, por ah\u00ed aparece Julen y muy abajo, aunque no lo crean, Pepe\u2026<\/p>\n\n\n\n<p><a href=\"mailto:smcainito@gmail.com\" target=\"_blank\" rel=\"noreferrer noopener\">smcainito@gmail.com<\/a><\/p>\n","protected":false},"excerpt":{"rendered":"<p>Los Pol\u00edticos Salvador Mu\u00f1oz La mesura que demand\u00f3 Dante Delgado al grito que un jaranero dio celebrado por la concurrencia, tiene dos lecturas: La primera, es el conocimiento del \u201ctiming\u201d pol\u00edtico\u2026 La segunda, sabe que los aplausos pueden convertirse en contra\u2026 Al final, Dante no anda tan errado\u2026 bueno, tampoco la gente que empez\u00f3 a [&hellip;]<\/p>\n","protected":false},"author":1,"featured_media":387,"comment_status":"open","ping_status":"open","sticky":false,"template":"","format":"standard","meta":{"_jetpack_memberships_contains_paid_content":false,"footnotes":""},"categories":[11],"tags":[],"class_list":["post-23584","post","type-post","status-publish","format-standard","has-post-thumbnail","hentry","category-opinion"],"jetpack_featured_media_url":"https:\/\/encuentroinformativo.com.mx\/wp-content\/uploads\/2020\/03\/7CF8A22B-2764-47BE-8F7F-38FE9E5D6A2F.jpeg","jetpack_sharing_enabled":true,"jetpack_likes_enabled":true,"amp_enabled":true,"_links":{"self":[{"href":"https:\/\/encuentroinformativo.com.mx\/index.php?rest_route=\/wp\/v2\/posts\/23584","targetHints":{"allow":["GET"]}}],"collection":[{"href":"https:\/\/encuentroinformativo.com.mx\/index.php?rest_route=\/wp\/v2\/posts"}],"about":[{"href":"https:\/\/encuentroinformativo.com.mx\/index.php?rest_route=\/wp\/v2\/types\/post"}],"author":[{"embeddable":true,"href":"https:\/\/encuentroinformativo.com.mx\/index.php?rest_route=\/wp\/v2\/users\/1"}],"replies":[{"embeddable":true,"href":"https:\/\/encuentroinformativo.com.mx\/index.php?rest_route=%2Fwp%2Fv2%2Fcomments&post=23584"}],"version-history":[{"count":1,"href":"https:\/\/encuentroinformativo.com.mx\/index.php?rest_route=\/wp\/v2\/posts\/23584\/revisions"}],"predecessor-version":[{"id":23585,"href":"https:\/\/encuentroinformativo.com.mx\/index.php?rest_route=\/wp\/v2\/posts\/23584\/revisions\/23585"}],"wp:featuredmedia":[{"embeddable":true,"href":"https:\/\/encuentroinformativo.com.mx\/index.php?rest_route=\/wp\/v2\/media\/387"}],"wp:attachment":[{"href":"https:\/\/encuentroinformativo.com.mx\/index.php?rest_route=%2Fwp%2Fv2%2Fmedia&parent=23584"}],"wp:term":[{"taxonomy":"category","embeddable":true,"href":"https:\/\/encuentroinformativo.com.mx\/index.php?rest_route=%2Fwp%2Fv2%2Fcategories&post=23584"},{"taxonomy":"post_tag","embeddable":true,"href":"https:\/\/encuentroinformativo.com.mx\/index.php?rest_route=%2Fwp%2Fv2%2Ftags&post=23584"}],"curies":[{"name":"wp","href":"https:\/\/api.w.org\/{rel}","templated":true}]}}