{"id":23586,"date":"2022-02-16T11:54:59","date_gmt":"2022-02-16T17:54:59","guid":{"rendered":"https:\/\/encuentroinformativo.com.mx\/?p=23586"},"modified":"2022-02-16T13:09:10","modified_gmt":"2022-02-16T19:09:10","slug":"confirman-realizacion-del-carnaval-de-veracruz","status":"publish","type":"post","link":"https:\/\/encuentroinformativo.com.mx\/?p=23586","title":{"rendered":"Confirman realizaci\u00f3n del Carnaval de Veracruz"},"content":{"rendered":"\n<p><strong>*Se efectuar\u00e1 del 1 al 5 de julio; tambi\u00e9n habr\u00e1 Festival de Velas.<\/strong> <\/p>\n\n\n\n<p><strong>Alejandro \u00c1vila<\/strong><\/p>\n\n\n\n<p>Veracruz, Ver.- La alcaldesa, Patricia Lobeira Rodr\u00edguez, inform\u00f3 qu\u00e9 del 1 al 5 de julio se realizar\u00e1 el Carnaval de Veracruz 2022; \u00faltimo que fue modificado de fecha por la cuarta ola de COVID-19.<\/p>\n\n\n\n<p>La edil mencion\u00f3 que, el viernes 1 de julio se llevar\u00e1 a cabo la &#8220;Quema del Mal Humor&#8221; y las coronaciones infantiles, as\u00ed como de Rey y Reina del Carnaval, mientras que del s\u00e1bado 2 de julio al martes 5 de julio, se realizar\u00e1n los desfiles en el bulevar &#8220;Manuel \u00c1vila Camacho&#8221;, en el cual se priorizar\u00e1 el cumplir con los protocolos sanitarios.<\/p>\n\n\n\n<p>&#8220;El objetivo general es la recuperaci\u00f3n econ\u00f3mica del municipio, que c\u00f3mo es de todos conocido, por causa de la pandemia se vio contra\u00edda. Ahora lograremos tener una temporada vacacional tur\u00edstica completa, con grandes atractivos, c\u00f3mo el Festival de las Velas, que se llevar\u00e1 a cabo unos d\u00edas antes, del 23 al 28 de junio&#8221;, refrend\u00f3 la panista.<\/p>\n\n\n\n<p>Lobeira Rodr\u00edguez mencion\u00f3 que, las convocatorias para formar la Corte Real estar\u00e1n abiertas del 4 de marzo al d\u00eda 1 de abril; al tiempo qu\u00e9, destac\u00f3 toda persona que forme parte del Carnaval, deber\u00e1 contar con su esquema de vacunaci\u00f3n completa.<\/p>\n\n\n\n<p>Algo para resaltar, es que la alcaldesa inform\u00f3 que, por primera ocasi\u00f3n en la historia, ser\u00e1 el Ayuntamiento de Veracruz qui\u00e9n proporcione un vestuario a las comparsas, batucadas y grupos de bastoneras.<\/p>\n","protected":false},"excerpt":{"rendered":"<p>*Se efectuar\u00e1 del 1 al 5 de julio; tambi\u00e9n habr\u00e1 Festival de Velas. Alejandro \u00c1vila Veracruz, Ver.- La alcaldesa, Patricia Lobeira Rodr\u00edguez, inform\u00f3 qu\u00e9 del 1 al 5 de julio se realizar\u00e1 el Carnaval de Veracruz 2022; \u00faltimo que fue modificado de fecha por la cuarta ola de COVID-19. La edil mencion\u00f3 que, el viernes [&hellip;]<\/p>\n","protected":false},"author":1,"featured_media":23602,"comment_status":"open","ping_status":"open","sticky":false,"template":"","format":"standard","meta":{"_jetpack_memberships_contains_paid_content":false,"footnotes":""},"categories":[2],"tags":[],"class_list":["post-23586","post","type-post","status-publish","format-standard","has-post-thumbnail","hentry","category-estado"],"jetpack_featured_media_url":"https:\/\/encuentroinformativo.com.mx\/wp-content\/uploads\/2022\/02\/010F88F0-ADA3-46A6-B389-AF6D937CA9E5.jpeg","jetpack_sharing_enabled":true,"jetpack_likes_enabled":true,"amp_enabled":true,"_links":{"self":[{"href":"https:\/\/encuentroinformativo.com.mx\/index.php?rest_route=\/wp\/v2\/posts\/23586","targetHints":{"allow":["GET"]}}],"collection":[{"href":"https:\/\/encuentroinformativo.com.mx\/index.php?rest_route=\/wp\/v2\/posts"}],"about":[{"href":"https:\/\/encuentroinformativo.com.mx\/index.php?rest_route=\/wp\/v2\/types\/post"}],"author":[{"embeddable":true,"href":"https:\/\/encuentroinformativo.com.mx\/index.php?rest_route=\/wp\/v2\/users\/1"}],"replies":[{"embeddable":true,"href":"https:\/\/encuentroinformativo.com.mx\/index.php?rest_route=%2Fwp%2Fv2%2Fcomments&post=23586"}],"version-history":[{"count":2,"href":"https:\/\/encuentroinformativo.com.mx\/index.php?rest_route=\/wp\/v2\/posts\/23586\/revisions"}],"predecessor-version":[{"id":23601,"href":"https:\/\/encuentroinformativo.com.mx\/index.php?rest_route=\/wp\/v2\/posts\/23586\/revisions\/23601"}],"wp:featuredmedia":[{"embeddable":true,"href":"https:\/\/encuentroinformativo.com.mx\/index.php?rest_route=\/wp\/v2\/media\/23602"}],"wp:attachment":[{"href":"https:\/\/encuentroinformativo.com.mx\/index.php?rest_route=%2Fwp%2Fv2%2Fmedia&parent=23586"}],"wp:term":[{"taxonomy":"category","embeddable":true,"href":"https:\/\/encuentroinformativo.com.mx\/index.php?rest_route=%2Fwp%2Fv2%2Fcategories&post=23586"},{"taxonomy":"post_tag","embeddable":true,"href":"https:\/\/encuentroinformativo.com.mx\/index.php?rest_route=%2Fwp%2Fv2%2Ftags&post=23586"}],"curies":[{"name":"wp","href":"https:\/\/api.w.org\/{rel}","templated":true}]}}