{"id":23589,"date":"2022-02-16T12:29:28","date_gmt":"2022-02-16T18:29:28","guid":{"rendered":"https:\/\/encuentroinformativo.com.mx\/?p=23589"},"modified":"2022-02-16T12:29:31","modified_gmt":"2022-02-16T18:29:31","slug":"ordena-ine-retirar-comunicado-de-apoyo-de-gobernadores-al-presidente","status":"publish","type":"post","link":"https:\/\/encuentroinformativo.com.mx\/?p=23589","title":{"rendered":"Ordena INE retirar comunicado \u201cde apoyo\u201d de gobernadores al Presidente"},"content":{"rendered":"\n<p><br>Ciudad de M\u00e9xico.- La Comisi\u00f3n de Quejas\u00a0y Denuncias\u00a0del Instituto Nacional Electoral (INE) sesion\u00f3 de manera virtual para conocer el escrito de queja del Partido Acci\u00f3n Nacional (PAN) en contra de la Jefa de Gobierno de la Ciudad de M\u00e9xico y las y los\u00a0Gobernadores de Baja California, Baja California Sur, Campeche, Chiapas, Colima, Guerrero, Michoac\u00e1n, Morelos, Nayarit, Puebla, San Luis Potos\u00ed, Sinaloa, Sonora, Tabasco, Tlaxcala, Veracruz y Zacatecas.<\/p>\n\n\n\n<p>El PAN solicit\u00f3 medidas cautelares&nbsp;por la difusi\u00f3n de propaganda gubernamental en periodo prohibido, derivado de la emisi\u00f3n y publicaci\u00f3n en redes sociales, desde el d\u00eda 13 de febrero, del comunicado titulado&nbsp;<em>GOBERNADORES Y GOBERNADORAS DE LA 4TA TRANSFORMACI\u00d3N,<\/em>&nbsp;en apoyo al Presidente de la Rep\u00fablica en el contexto del actual proceso de Revocaci\u00f3n de Mandato, asimismo, solicit\u00f3 se dictara tutela preventiva para que las personas servidoras p\u00fablicas denunciadas se abstuvieran&nbsp;de realizar conductas similares en el futuro.<\/p>\n\n\n\n<p>La Comisi\u00f3n dict\u00f3 la procedencia de las medidas cautelares al advertir que, en apariencia del buen derecho, se trata de una acci\u00f3n concertada y consentida por personas servidoras p\u00fablicas para difundir, de forma expresa y preponderante, logros y acciones del gobierno federal y de quien lo encabeza, considerada como propaganda gubernamental prohibida en el marco del proceso de Revocaci\u00f3n de Mandato en curso.<\/p>\n\n\n\n<p>La Comisi\u00f3n, en un an\u00e1lisis cautelar, determin\u00f3 que el documento versa sobre propaganda gubernamental que se difunde en periodo prohibido -desde el 4 de febrero de 2022 y hasta la conclusi\u00f3n de la jornada que tendr\u00e1 verificativo el 10 de abril- ya que el documento, adem\u00e1s de resaltar aspectos personales y la manera en que gobierna el Presidente de M\u00e9xico, tiene como tem\u00e1tica central y preponderante se\u00f1alar y difundir logros, avances, \u00e9xitos y actividades gubernamentales, por lo cual el justificado de la medida cautelar.<\/p>\n\n\n\n<p>La Comisi\u00f3n concluy\u00f3 que, a partir de una perspectiva preliminar, el comunicado encuadra dentro de la categor\u00eda de propaganda gubernamental al acreditarse que quienes suscriben el documento son personas servidoras p\u00fablicas del m\u00e1s alto nivel y responsabilidad en sus respectivas entidades federativas y al hacer referencia a una serie de logros, acciones y medidas gubernamentales.<\/p>\n\n\n\n<p>El INE acord\u00f3 ordenar a las personas titulares del Poder Ejecutivo Local denunciadas que, de inmediato y en un plazo que no podr\u00e1 exceder de tres horas, &nbsp;realicen&nbsp;las acciones, tr\u00e1mites y gestiones necesarias para eliminar la publicaci\u00f3n denunciada&nbsp;de sus redes sociales,&nbsp;as\u00ed como de cualquier otra plataforma electr\u00f3nica o impresa bajo su dominio, control o administraci\u00f3n, a las y los titulares estatales que se enlistan:&nbsp;<\/p>\n\n\n\n<figure class=\"wp-block-table\"><table><tbody><tr><td><strong>Nombre<\/strong><\/td><td><strong>Cargo<\/strong><\/td><\/tr><tr><td>1.&nbsp;&nbsp;<\/td><td>Claudia&nbsp;Sheinbaum&nbsp;Pardo<\/td><td>Jefa de Gobierno de la Ciudad de M\u00e9xico<\/td><\/tr><tr><td>2.&nbsp;&nbsp;<\/td><td>Marina del Pilar \u00c1vila Olmeda<\/td><td>Gobernadora de Baja California<\/td><\/tr><tr><td>3.&nbsp;&nbsp;<\/td><td>V\u00edctor Manuel Castro Cos\u00edo<\/td><td>Gobernador de Baja California Sur<\/td><\/tr><tr><td>4.&nbsp;&nbsp;<\/td><td>Layda&nbsp;Sansores San Rom\u00e1n<\/td><td>Gobernadora de Campeche<\/td><\/tr><tr><td>5.&nbsp;&nbsp;<\/td><td>Rutilio Cruz Escand\u00f3n Cadenas<\/td><td>Gobernador de Chiapas<\/td><\/tr><tr><td>6.&nbsp;&nbsp;<\/td><td>Indira Vizca\u00edno Silva<\/td><td>Gobernadora de Colima<\/td><\/tr><tr><td>7.&nbsp;&nbsp;<\/td><td>Evelyn Salgado Pineda<\/td><td>Gobernadora de Guerrero<\/td><\/tr><tr><td>8.&nbsp;&nbsp;<\/td><td>Alfredo Ram\u00edrez&nbsp;Bedolla<\/td><td>Gobernador de Michoac\u00e1n<\/td><\/tr><tr><td>9.&nbsp;&nbsp;<\/td><td>Cuauht\u00e9moc Blanco Bravo<\/td><td>Gobernador de Morelos<\/td><\/tr><tr><td>10.&nbsp;&nbsp;<\/td><td>Miguel \u00c1ngel Navarro Quintero<\/td><td>Gobernador de Nayarit<\/td><\/tr><tr><td>11.&nbsp;&nbsp;<\/td><td>Miguel Barbosa Huerta<\/td><td>Gobernador de Puebla<\/td><\/tr><tr><td>12.&nbsp;&nbsp;<\/td><td>Ricardo Gallardo Cardona<\/td><td>Gobernador de San Luis Potos\u00ed<\/td><\/tr><tr><td>13.&nbsp;&nbsp;<\/td><td>Rub\u00e9n Rocha Moya<\/td><td>Gobernador de Sinaloa<\/td><\/tr><tr><td>14.&nbsp;&nbsp;<\/td><td>Alfonso&nbsp;Durazo&nbsp;Monta\u00f1o<\/td><td>Gobernador de Sonora<\/td><\/tr><tr><td>15.&nbsp;&nbsp;<\/td><td>Carlos Manuel Merino Campos<\/td><td>Gobernador de Tabasco<\/td><\/tr><tr><td>16.&nbsp;&nbsp;<\/td><td>Lorena Cu\u00e9llar Cisneros<\/td><td>Gobernadora de Tlaxcala<\/td><\/tr><tr><td>17.&nbsp;&nbsp;<\/td><td>Cuitl\u00e1huac Garc\u00eda Jim\u00e9nez<\/td><td>Gobernador de Veracruz<\/td><\/tr><tr><td>18.&nbsp;&nbsp;<\/td><td>David Monreal \u00c1vila<\/td><td>Gobernador de Zacatecas<\/td><\/tr><\/tbody><\/table><\/figure>\n\n\n\n<p>En cuanto a la tutela preventiva correspondiente a&nbsp;ordenarle&nbsp;a todos los involucrados se abstengan de seguir realizando actos similares se declar\u00f3 improcedente,&nbsp;pues se trata de hechos futuros de realizaci\u00f3n incierta.<\/p>\n\n\n\n<p><strong><em>INE realiz\u00f3 un llamado a las personas servidoras p\u00fablicas para evitar difundir propaganda gubernamental en periodo prohibido<\/em><\/strong><\/p>\n\n\n\n<p>La Comisi\u00f3n de Quejas y Denuncias emiti\u00f3 un pronunciamiento que tiene como destinatarios a las personas servidoras p\u00fablicas de todos los \u00e1mbitos y niveles de gobierno, para que en todo tiempo, ajusten sus actos y conductas a los l\u00edmites y par\u00e1metros constitucionales;&nbsp;por una parte, para respetar la prohibici\u00f3n de utilizar o aprovechar los canales o v\u00edas oficiales de comunicaci\u00f3n para difundir propaganda gubernamental, debido a que ello escapa de los temas y aspectos que, por mandato constitucional, se permiten incluir en comunicaciones o mensajes oficiales durante el desarrollo del proceso de Revocaci\u00f3n de Mandato y, por otra parte, la obligaci\u00f3n a su cargo de conducirse con imparcialidad y neutralidad a fin de no influir en la opini\u00f3n ciudadana.<\/p>\n\n\n\n<p>Para tal efecto, advirti\u00f3 que estar\u00e1 en condiciones de dictar las medidas preventivas que correspondan, incluso oficiosamente, a fin de garantizar la vigencia de los principios constitucionales sobre los que se desarrolla el proceso de Revocaci\u00f3n de Mandato, de manera particular, de vigilar a las personas servidoras p\u00fablicas quienes deben tener un especial deber de cuidado respecto de las expresiones que emiten, de manera individual o conjunta, que puedan derivar en una afectaci\u00f3n&nbsp;a&nbsp;los principios de imparcialidad, neutralidad o disposiciones vinculadas con dicho proceso.<\/p>\n\n\n\n<p>El proyecto fue aprobado por unanimidad de votos de la Consejera Claudia Zavala y del Consejero Ciro Murayama, as\u00ed como de la Consejera Adriana Favela, presidenta de la Comisi\u00f3n de Quejas y Denuncias.<\/p>\n","protected":false},"excerpt":{"rendered":"<p>Ciudad de M\u00e9xico.- La Comisi\u00f3n de Quejas\u00a0y Denuncias\u00a0del Instituto Nacional Electoral (INE) sesion\u00f3 de manera virtual para conocer el escrito de queja del Partido Acci\u00f3n Nacional (PAN) en contra de la Jefa de Gobierno de la Ciudad de M\u00e9xico y las y los\u00a0Gobernadores de Baja California, Baja California Sur, Campeche, Chiapas, Colima, Guerrero, Michoac\u00e1n, Morelos, [&hellip;]<\/p>\n","protected":false},"author":1,"featured_media":23590,"comment_status":"open","ping_status":"open","sticky":false,"template":"","format":"standard","meta":{"_jetpack_memberships_contains_paid_content":false,"footnotes":""},"categories":[12],"tags":[],"class_list":["post-23589","post","type-post","status-publish","format-standard","has-post-thumbnail","hentry","category-nacional"],"jetpack_featured_media_url":"https:\/\/encuentroinformativo.com.mx\/wp-content\/uploads\/2022\/02\/8732F98C-25EA-4268-9D8D-1669478D48C2.jpeg","jetpack_sharing_enabled":true,"jetpack_likes_enabled":true,"amp_enabled":true,"_links":{"self":[{"href":"https:\/\/encuentroinformativo.com.mx\/index.php?rest_route=\/wp\/v2\/posts\/23589","targetHints":{"allow":["GET"]}}],"collection":[{"href":"https:\/\/encuentroinformativo.com.mx\/index.php?rest_route=\/wp\/v2\/posts"}],"about":[{"href":"https:\/\/encuentroinformativo.com.mx\/index.php?rest_route=\/wp\/v2\/types\/post"}],"author":[{"embeddable":true,"href":"https:\/\/encuentroinformativo.com.mx\/index.php?rest_route=\/wp\/v2\/users\/1"}],"replies":[{"embeddable":true,"href":"https:\/\/encuentroinformativo.com.mx\/index.php?rest_route=%2Fwp%2Fv2%2Fcomments&post=23589"}],"version-history":[{"count":1,"href":"https:\/\/encuentroinformativo.com.mx\/index.php?rest_route=\/wp\/v2\/posts\/23589\/revisions"}],"predecessor-version":[{"id":23591,"href":"https:\/\/encuentroinformativo.com.mx\/index.php?rest_route=\/wp\/v2\/posts\/23589\/revisions\/23591"}],"wp:featuredmedia":[{"embeddable":true,"href":"https:\/\/encuentroinformativo.com.mx\/index.php?rest_route=\/wp\/v2\/media\/23590"}],"wp:attachment":[{"href":"https:\/\/encuentroinformativo.com.mx\/index.php?rest_route=%2Fwp%2Fv2%2Fmedia&parent=23589"}],"wp:term":[{"taxonomy":"category","embeddable":true,"href":"https:\/\/encuentroinformativo.com.mx\/index.php?rest_route=%2Fwp%2Fv2%2Fcategories&post=23589"},{"taxonomy":"post_tag","embeddable":true,"href":"https:\/\/encuentroinformativo.com.mx\/index.php?rest_route=%2Fwp%2Fv2%2Ftags&post=23589"}],"curies":[{"name":"wp","href":"https:\/\/api.w.org\/{rel}","templated":true}]}}