{"id":2359,"date":"2020-05-05T16:41:24","date_gmt":"2020-05-05T21:41:24","guid":{"rendered":"https:\/\/encuentroinformativo.com\/?p=2359"},"modified":"2020-05-05T16:41:27","modified_gmt":"2020-05-05T21:41:27","slug":"refuerzan-medidas-sanitarias-en-teocelo","status":"publish","type":"post","link":"https:\/\/encuentroinformativo.com.mx\/?p=2359","title":{"rendered":"Refuerzan medidas sanitarias en Teocelo"},"content":{"rendered":"\n<p><strong>Juan Arcos <\/strong><\/p>\n\n\n\n<p>Teocelo, Ver.- El ayuntamiento de Teocelo alert\u00f3 a sus pobladores sobre el deceso de un paciente por SARS-CoV-2 (COVID-19) en el municipio vecino de Ayahualulco.<\/p>\n\n\n\n<p>Cabe mencionar que la informaci\u00f3n fue corroborada, la noche del 3 de mayo, en la informaci\u00f3n emitida por la Secretar\u00eda de Salud de Veracruz, a trav\u00e9s del sitio web\u00a0<a rel=\"noreferrer noopener\" href=\"http:\/\/coronavirus.veracruz.gob.mx\/\" target=\"_blank\">coronavirus.veracruz.gob.mx<\/a>.<\/p>\n\n\n\n<p>En su cuenta oficial de Facebook, el Gobierno municipal indica que, el pasado domingo, la persona que falleci\u00f3 estuvo expuesta por varias horas en la calle Covarrubias de Teocelo, pues este lugar es paso obligado y el Hospital de la Comunidad es el punto m\u00e1s cercano de atenci\u00f3n a pacientes provenientes de los municipios de la alta monta\u00f1a.<\/p>\n\n\n\n<p>Por tal motivo, el ayuntamiento de Teocelo, presidido por el alcalde Mario Chama D\u00edaz, redoblar\u00e1 esfuerzos en la aplicaci\u00f3n de medidas preventivas ante el COVID-19.<\/p>\n\n\n\n<p>En ese sentido, continuar\u00e1n y ser\u00e1n reforzados los trabajos de sanitizaci\u00f3n en el municipio.<\/p>\n\n\n\n<p>\u201cDel mismo modo se exhorta de manera Corresponsable a la Ciudadan\u00eda para acatar las medidas de prevenci\u00f3n de manera estricta en beneficio de la salud de los teocelanos\u201d, se lee en el comunicado.<\/p>\n\n\n\n<p>Por tal motivo, se invita a la ciudadan\u00eda a permanecer en sus casas y seguir las recomendaciones emitidas por la Secretar\u00eda de Salud, c\u00f3mo implementar uso de cubrebocas, evitar espacios p\u00fablicos con aglomeraciones, evitar tocarse la cara o saludar de mano, lavarse las manos con frecuencia, entre otras.<\/p>\n\n\n\n<p><strong>CERCOS SANITARIOS&nbsp;<\/strong><\/p>\n\n\n\n<p>El ayuntamiento de Teocelo tambi\u00e9n hizo un llamado a las autoridades de salud para que se siga informando y trabajando de manera coordinada en las acciones contra el COVID-19.<\/p>\n\n\n\n<p>El personal de Protecci\u00f3n Civil de Teocelo contin\u00faa reforzando actividades en los cercos sanitarios, ubicados en las entradas al municipio: en el M\u00f3dulo de Seguridad de El Magueyal y el Pante\u00f3n Municipal.<\/p>\n\n\n\n<p>All\u00ed, se hace una valoraci\u00f3n general de la salud y la toma de la temperatura de las personas que ingresan al municipio.<br>Adem\u00e1s, se informa a la ciudadan\u00eda sobre las medidas de prevenci\u00f3n y la importancia de quedarse en casa, el correcto lavado de manos y la sana distancia.<\/p>\n\n\n\n<p><\/p>\n","protected":false},"excerpt":{"rendered":"<p>Juan Arcos Teocelo, Ver.- El ayuntamiento de Teocelo alert\u00f3 a sus pobladores sobre el deceso de un paciente por SARS-CoV-2 (COVID-19) en el municipio vecino de Ayahualulco. Cabe mencionar que la informaci\u00f3n fue corroborada, la noche del 3 de mayo, en la informaci\u00f3n emitida por la Secretar\u00eda de Salud de Veracruz, a trav\u00e9s del sitio [&hellip;]<\/p>\n","protected":false},"author":1,"featured_media":2360,"comment_status":"open","ping_status":"open","sticky":false,"template":"","format":"standard","meta":{"_jetpack_memberships_contains_paid_content":false,"footnotes":""},"categories":[8],"tags":[],"class_list":["post-2359","post","type-post","status-publish","format-standard","has-post-thumbnail","hentry","category-region"],"jetpack_featured_media_url":"https:\/\/encuentroinformativo.com.mx\/wp-content\/uploads\/2020\/05\/CC81CCE5-5F13-4CED-B47D-9D9E1F4CE84B.jpeg","jetpack_sharing_enabled":true,"jetpack_likes_enabled":true,"amp_enabled":true,"_links":{"self":[{"href":"https:\/\/encuentroinformativo.com.mx\/index.php?rest_route=\/wp\/v2\/posts\/2359","targetHints":{"allow":["GET"]}}],"collection":[{"href":"https:\/\/encuentroinformativo.com.mx\/index.php?rest_route=\/wp\/v2\/posts"}],"about":[{"href":"https:\/\/encuentroinformativo.com.mx\/index.php?rest_route=\/wp\/v2\/types\/post"}],"author":[{"embeddable":true,"href":"https:\/\/encuentroinformativo.com.mx\/index.php?rest_route=\/wp\/v2\/users\/1"}],"replies":[{"embeddable":true,"href":"https:\/\/encuentroinformativo.com.mx\/index.php?rest_route=%2Fwp%2Fv2%2Fcomments&post=2359"}],"version-history":[{"count":1,"href":"https:\/\/encuentroinformativo.com.mx\/index.php?rest_route=\/wp\/v2\/posts\/2359\/revisions"}],"predecessor-version":[{"id":2361,"href":"https:\/\/encuentroinformativo.com.mx\/index.php?rest_route=\/wp\/v2\/posts\/2359\/revisions\/2361"}],"wp:featuredmedia":[{"embeddable":true,"href":"https:\/\/encuentroinformativo.com.mx\/index.php?rest_route=\/wp\/v2\/media\/2360"}],"wp:attachment":[{"href":"https:\/\/encuentroinformativo.com.mx\/index.php?rest_route=%2Fwp%2Fv2%2Fmedia&parent=2359"}],"wp:term":[{"taxonomy":"category","embeddable":true,"href":"https:\/\/encuentroinformativo.com.mx\/index.php?rest_route=%2Fwp%2Fv2%2Fcategories&post=2359"},{"taxonomy":"post_tag","embeddable":true,"href":"https:\/\/encuentroinformativo.com.mx\/index.php?rest_route=%2Fwp%2Fv2%2Ftags&post=2359"}],"curies":[{"name":"wp","href":"https:\/\/api.w.org\/{rel}","templated":true}]}}