{"id":23592,"date":"2022-02-16T12:44:39","date_gmt":"2022-02-16T18:44:39","guid":{"rendered":"https:\/\/encuentroinformativo.com.mx\/?p=23592"},"modified":"2022-02-16T12:44:43","modified_gmt":"2022-02-16T18:44:43","slug":"respalda-congreso-seguridad-en-escuelas-del-estado","status":"publish","type":"post","link":"https:\/\/encuentroinformativo.com.mx\/?p=23592","title":{"rendered":"Respalda Congreso seguridad en escuelas del estado"},"content":{"rendered":"\n<p>*Se re\u00fane diputada Lourdes Ju\u00e1rez Lara con autoridades de la SEV y de la SSP; acuerdan acciones de prevenci\u00f3n social en planteles.<\/p>\n\n\n\n<p>Xalapa, Ver.- La presidenta de la Comisi\u00f3n Permanente de Educaci\u00f3n y Cultura de la LXVI Legislatura estatal, diputada Lourdes Ju\u00e1rez Lara, se reuni\u00f3 con autoridades de la Secretar\u00eda de Educaci\u00f3n de Veracruz (SEV) y de la Secretar\u00eda de Seguridad P\u00fablica (SSP), con quienes acord\u00f3 promover actividades de prevenci\u00f3n social en instituciones de educaci\u00f3n b\u00e1sica.<\/p>\n\n\n\n<p>La legisladora recibi\u00f3 en su oficina del Palacio Legislativo a la coordinadora del Programa de Est\u00edmulos a Estudiantes Destacados de la SEV, Ver\u00f3nica del Carmen Lemarroy Zeferino; al subdirector de Enlace Institucional de la Direcci\u00f3n General de Vinculaci\u00f3n Institucional de la SSP, Jorge Carmelo Rojas Andrade; a la subdirectora de Promoci\u00f3n Institucional, Lizeth Cuervo Ar\u00f3stegui, y al jefe de Planeaci\u00f3n de Programas, \u00c1ngel Medel Hern\u00e1ndez.<\/p>\n\n\n\n<p>Ambas partes coincidieron al destacar la importancia de la participaci\u00f3n ciudadana en el fortalecimiento de mecanismos de seguridad para la comunidad estudiantil, sobre todo, en materia de prevenci\u00f3n, a fin de crear espacios libres de violencia, donde prevalezca el respeto a cada persona.<\/p>\n\n\n\n<p>Por \u00faltimo, la legisladora Lourdes Ju\u00e1rez expres\u00f3 su reconocimiento a las tareas que realizan ambas dependencias estatales en favor de la educaci\u00f3n y asegur\u00f3 su respaldo a las actividades que se llevar\u00e1n a cabo durante este a\u00f1o.<\/p>\n","protected":false},"excerpt":{"rendered":"<p>*Se re\u00fane diputada Lourdes Ju\u00e1rez Lara con autoridades de la SEV y de la SSP; acuerdan acciones de prevenci\u00f3n social en planteles. Xalapa, Ver.- La presidenta de la Comisi\u00f3n Permanente de Educaci\u00f3n y Cultura de la LXVI Legislatura estatal, diputada Lourdes Ju\u00e1rez Lara, se reuni\u00f3 con autoridades de la Secretar\u00eda de Educaci\u00f3n de Veracruz (SEV) [&hellip;]<\/p>\n","protected":false},"author":1,"featured_media":23593,"comment_status":"open","ping_status":"open","sticky":false,"template":"","format":"standard","meta":{"_jetpack_memberships_contains_paid_content":false,"footnotes":""},"categories":[2],"tags":[],"class_list":["post-23592","post","type-post","status-publish","format-standard","has-post-thumbnail","hentry","category-estado"],"jetpack_featured_media_url":"https:\/\/encuentroinformativo.com.mx\/wp-content\/uploads\/2022\/02\/6D834EE9-0681-4A5B-A842-EC5E76D36AA5.jpeg","jetpack_sharing_enabled":true,"jetpack_likes_enabled":true,"amp_enabled":true,"_links":{"self":[{"href":"https:\/\/encuentroinformativo.com.mx\/index.php?rest_route=\/wp\/v2\/posts\/23592","targetHints":{"allow":["GET"]}}],"collection":[{"href":"https:\/\/encuentroinformativo.com.mx\/index.php?rest_route=\/wp\/v2\/posts"}],"about":[{"href":"https:\/\/encuentroinformativo.com.mx\/index.php?rest_route=\/wp\/v2\/types\/post"}],"author":[{"embeddable":true,"href":"https:\/\/encuentroinformativo.com.mx\/index.php?rest_route=\/wp\/v2\/users\/1"}],"replies":[{"embeddable":true,"href":"https:\/\/encuentroinformativo.com.mx\/index.php?rest_route=%2Fwp%2Fv2%2Fcomments&post=23592"}],"version-history":[{"count":1,"href":"https:\/\/encuentroinformativo.com.mx\/index.php?rest_route=\/wp\/v2\/posts\/23592\/revisions"}],"predecessor-version":[{"id":23594,"href":"https:\/\/encuentroinformativo.com.mx\/index.php?rest_route=\/wp\/v2\/posts\/23592\/revisions\/23594"}],"wp:featuredmedia":[{"embeddable":true,"href":"https:\/\/encuentroinformativo.com.mx\/index.php?rest_route=\/wp\/v2\/media\/23593"}],"wp:attachment":[{"href":"https:\/\/encuentroinformativo.com.mx\/index.php?rest_route=%2Fwp%2Fv2%2Fmedia&parent=23592"}],"wp:term":[{"taxonomy":"category","embeddable":true,"href":"https:\/\/encuentroinformativo.com.mx\/index.php?rest_route=%2Fwp%2Fv2%2Fcategories&post=23592"},{"taxonomy":"post_tag","embeddable":true,"href":"https:\/\/encuentroinformativo.com.mx\/index.php?rest_route=%2Fwp%2Fv2%2Ftags&post=23592"}],"curies":[{"name":"wp","href":"https:\/\/api.w.org\/{rel}","templated":true}]}}