{"id":23595,"date":"2022-02-16T12:49:46","date_gmt":"2022-02-16T18:49:46","guid":{"rendered":"https:\/\/encuentroinformativo.com.mx\/?p=23595"},"modified":"2022-02-16T12:49:50","modified_gmt":"2022-02-16T18:49:50","slug":"acusan-falta-de-recoleccion-de-basura-en-zimpizahua","status":"publish","type":"post","link":"https:\/\/encuentroinformativo.com.mx\/?p=23595","title":{"rendered":"Acusan falta de recolecci\u00f3n de basura en Zimpizahua"},"content":{"rendered":"\n<p><strong>Juan Arcos<\/strong> <\/p>\n\n\n\n<p>Coatepec, Ver.- Pobladores de la localidad Zimpizahua, municipio de Coatepec, denunciaron que se ha acumulado la basura en las calles por la falta de rutas por parte de los camiones recolectores.<\/p>\n\n\n\n<p>De acuerdo con Miguel \u00c1ngel Viveros, uno de los vecinos, el servicio est\u00e1 suspendido en dicho lugar desde hace ocho d\u00edas, lo que podr\u00eda representar un problema de salud p\u00fablica.<\/p>\n\n\n\n<p>Las personas solicitaron la intervenci\u00f3n de las autoridades municipales para que sea atendido el problema lo antes posible.<\/p>\n\n\n\n<p>\u201cYa tenemos m\u00e1s de ocho d\u00edas de que el carro no ha pasado. Se ve mucha basura regada, los perros callejeros empezaron a romper las bolsas\u201d, expres\u00f3.<\/p>\n\n\n\n<p>El entrevistado indic\u00f3 que los camiones del ayuntamiento estaban descompuestos; sin embargo, pidi\u00f3 a las autoridades que busquen una soluci\u00f3n para restablecer dicho servicio.<\/p>\n\n\n\n<p>\u201cEl municipio no se pone las pilas. Hay tiradero de basura, pido que las autoridades correspondientes tengan una soluci\u00f3n, ya que el problema de la basura es algo pesado\u201d.<\/p>\n\n\n\n<p>Durante un recorrido se constat\u00f3 que en algunas zonas de la cabecera municipal, como en la calle Miguel Rebolledo, a unas cuadras del parque Miguel Hidalgo, tambi\u00e9n se observan montones de basura afuera de las viviendas.<\/p>\n","protected":false},"excerpt":{"rendered":"<p>Juan Arcos Coatepec, Ver.- Pobladores de la localidad Zimpizahua, municipio de Coatepec, denunciaron que se ha acumulado la basura en las calles por la falta de rutas por parte de los camiones recolectores. De acuerdo con Miguel \u00c1ngel Viveros, uno de los vecinos, el servicio est\u00e1 suspendido en dicho lugar desde hace ocho d\u00edas, lo [&hellip;]<\/p>\n","protected":false},"author":1,"featured_media":23596,"comment_status":"open","ping_status":"open","sticky":false,"template":"","format":"standard","meta":{"_jetpack_memberships_contains_paid_content":false,"footnotes":""},"categories":[8],"tags":[],"class_list":["post-23595","post","type-post","status-publish","format-standard","has-post-thumbnail","hentry","category-region"],"jetpack_featured_media_url":"https:\/\/encuentroinformativo.com.mx\/wp-content\/uploads\/2022\/02\/AC1AD44A-D891-4541-8F3B-B506D30023F5.jpeg","jetpack_sharing_enabled":true,"jetpack_likes_enabled":true,"amp_enabled":true,"_links":{"self":[{"href":"https:\/\/encuentroinformativo.com.mx\/index.php?rest_route=\/wp\/v2\/posts\/23595","targetHints":{"allow":["GET"]}}],"collection":[{"href":"https:\/\/encuentroinformativo.com.mx\/index.php?rest_route=\/wp\/v2\/posts"}],"about":[{"href":"https:\/\/encuentroinformativo.com.mx\/index.php?rest_route=\/wp\/v2\/types\/post"}],"author":[{"embeddable":true,"href":"https:\/\/encuentroinformativo.com.mx\/index.php?rest_route=\/wp\/v2\/users\/1"}],"replies":[{"embeddable":true,"href":"https:\/\/encuentroinformativo.com.mx\/index.php?rest_route=%2Fwp%2Fv2%2Fcomments&post=23595"}],"version-history":[{"count":1,"href":"https:\/\/encuentroinformativo.com.mx\/index.php?rest_route=\/wp\/v2\/posts\/23595\/revisions"}],"predecessor-version":[{"id":23597,"href":"https:\/\/encuentroinformativo.com.mx\/index.php?rest_route=\/wp\/v2\/posts\/23595\/revisions\/23597"}],"wp:featuredmedia":[{"embeddable":true,"href":"https:\/\/encuentroinformativo.com.mx\/index.php?rest_route=\/wp\/v2\/media\/23596"}],"wp:attachment":[{"href":"https:\/\/encuentroinformativo.com.mx\/index.php?rest_route=%2Fwp%2Fv2%2Fmedia&parent=23595"}],"wp:term":[{"taxonomy":"category","embeddable":true,"href":"https:\/\/encuentroinformativo.com.mx\/index.php?rest_route=%2Fwp%2Fv2%2Fcategories&post=23595"},{"taxonomy":"post_tag","embeddable":true,"href":"https:\/\/encuentroinformativo.com.mx\/index.php?rest_route=%2Fwp%2Fv2%2Ftags&post=23595"}],"curies":[{"name":"wp","href":"https:\/\/api.w.org\/{rel}","templated":true}]}}