{"id":23598,"date":"2022-02-16T12:59:42","date_gmt":"2022-02-16T18:59:42","guid":{"rendered":"https:\/\/encuentroinformativo.com.mx\/?p=23598"},"modified":"2022-02-16T12:59:45","modified_gmt":"2022-02-16T18:59:45","slug":"advierte-frente-por-la-familia-continuaran-protestas-contra-clinica-del-aborto","status":"publish","type":"post","link":"https:\/\/encuentroinformativo.com.mx\/?p=23598","title":{"rendered":"Advierte Frente por la Familia, continuar\u00e1n protestas contra cl\u00ednica del aborto"},"content":{"rendered":"\n<p><strong>Dar\u00edo Pale<\/strong><\/p>\n\n\n\n<p>Xalapa, Ver.- Gustavo Balderas, presidente del Frente Nacional por la Familia en Xalapa dio a conocer que en Veracruz no hay mujeres presas por abortar y continuar\u00e1n las protestas contra cl\u00ednica del aborto.<\/p>\n\n\n\n<p>En conferencia de prensa realizada en conocido caf\u00e9 de la centro de Xalapa, los integrantes del Frente Nacional por la Familia (FNF) rechazaron que en Veracruz haya mujeres encarceladas por haber abortado, aseguraron que quienes est\u00e1n condenados por aborto son m\u00e9dicos o matronas o enfermeras que colaboraron a practicarle un aborto a una mujer.<\/p>\n\n\n\n<p>&#8220;Pero en este estado en particular la ley no castiga con c\u00e1rcel, por eso cuando dec\u00edan: hay que despenalizar el aborto, lean el C\u00f3digo Penal y no hay, la \u00fanica pena que el C\u00f3digo establece para las mujeres en Veracruz es la atenci\u00f3n psicol\u00f3gica, entonces para nosotros era absurdo esa bandera de pedir despenalizar el aborto&#8221;, se\u00f1al\u00f3.<\/p>\n\n\n\n<p>En el caso de Diana Patricia, acusada de homicidio doloso tras haber abortado en un supermercado de Oluta, en mayo del a\u00f1o pasado, asegur\u00f3 que se trat\u00f3 de un aborto espont\u00e1neo.<\/p>\n\n\n\n<p>&#8220;Cuando una persona no tiene consciencia, cuando no lo hace de manera voluntaria, es un accidente, no podemos juzgar a las personas por un accidente, lamentablemente muchas mujeres han perdido a sus hijos por abortos espont\u00e1neos, lamentablemente es parte de la naturaleza humana y eso no se juzga&#8221;, coment\u00f3.<\/p>\n\n\n\n<p>Asimismo, sobre las protestas llevadas a cabo en el puerto de Veracruz, en la cl\u00ednica del aborto, el representante del FNF, adelant\u00f3 que seguramente seguir\u00e1n las protestas.<\/p>\n\n\n\n<p>&#8220;No tenemos claridad de cu\u00e1ndo o d\u00f3nde, pero nuestra postura es de respeto a la vida, creemos que una mujer tiene el derecho de tener otras alternativas diferentes a la de asesinar a su hijo&#8221;, expres\u00f3.<\/p>\n\n\n\n<p>Consider\u00f3 que el Estado Mexicano debe apoyar a las mujeres que est\u00e1n en condiciones precarias, de violencia, lo que quieren es que las mujeres est\u00e9n conscientes de la vida y de la dignidad humana para que tengan alternativas para sus hijos.<\/p>\n\n\n\n<p>Opin\u00f3 que el acto sexual no es un mero signo de placer, sino una forma de concebir una vida y es que si se entiende eso y se logra difundir no importa si eso es legal o no, las mujeres dejar\u00e1n de abortar.<\/p>\n\n\n\n<p>Pidi\u00f3 que se les den apoyos por parte del Estado, no s\u00f3lo que les permitan matar a sus hijos.<\/p>\n\n\n\n<p>Aclar\u00f3 que no dejar\u00e1n de exigir que el aborto sea legal y en ese sentido, coment\u00f3 que en Estados Unidos durante 48 a\u00f1os el aborto fue legal, pero en algunos estados ya comienza a haber legislaciones a favor de la vida.<\/p>\n\n\n\n<p>Por ello, defini\u00f3 que est\u00e1n dispuestos a esperar lo que sea necesario, pero no dejar\u00e1n de pedir que se respete la vida y la dignidad de la persona humana, que es el primero de todos los derechos del ser humano.<\/p>\n\n\n\n<p><strong>Respaldo a Periodistas<\/strong><\/p>\n\n\n\n<p>En otro tema, los integrantes del Frente exigieron un cese a la violencia en contra de los comunicadores de Veracruz y el pa\u00eds.<\/p>\n\n\n\n<p>Pidieron el esclarecimiento de los cr\u00edmenes cometidos en contra de los periodistas y expresaron su confianza a las autoridades.<\/p>\n\n\n\n<p>Finalmente se\u00f1al\u00f3 que, &#8220;\u00a1Ya basta de agresiones contra los periodistas, justicia para sus familias y deudos, que los cr\u00edmenes no queden impunes, Veracruz sigue diciendo s\u00ed a la vida, s\u00ed a la libertad de expresi\u00f3n!&#8221;.<\/p>\n","protected":false},"excerpt":{"rendered":"<p>Dar\u00edo Pale Xalapa, Ver.- Gustavo Balderas, presidente del Frente Nacional por la Familia en Xalapa dio a conocer que en Veracruz no hay mujeres presas por abortar y continuar\u00e1n las protestas contra cl\u00ednica del aborto. En conferencia de prensa realizada en conocido caf\u00e9 de la centro de Xalapa, los integrantes del Frente Nacional por la [&hellip;]<\/p>\n","protected":false},"author":1,"featured_media":23599,"comment_status":"open","ping_status":"open","sticky":false,"template":"","format":"standard","meta":{"_jetpack_memberships_contains_paid_content":false,"footnotes":""},"categories":[3],"tags":[],"class_list":["post-23598","post","type-post","status-publish","format-standard","has-post-thumbnail","hentry","category-xalapa"],"jetpack_featured_media_url":"https:\/\/encuentroinformativo.com.mx\/wp-content\/uploads\/2022\/02\/40B10CAD-1C62-436F-80CD-C28973A14448.jpeg","jetpack_sharing_enabled":true,"jetpack_likes_enabled":true,"amp_enabled":true,"_links":{"self":[{"href":"https:\/\/encuentroinformativo.com.mx\/index.php?rest_route=\/wp\/v2\/posts\/23598","targetHints":{"allow":["GET"]}}],"collection":[{"href":"https:\/\/encuentroinformativo.com.mx\/index.php?rest_route=\/wp\/v2\/posts"}],"about":[{"href":"https:\/\/encuentroinformativo.com.mx\/index.php?rest_route=\/wp\/v2\/types\/post"}],"author":[{"embeddable":true,"href":"https:\/\/encuentroinformativo.com.mx\/index.php?rest_route=\/wp\/v2\/users\/1"}],"replies":[{"embeddable":true,"href":"https:\/\/encuentroinformativo.com.mx\/index.php?rest_route=%2Fwp%2Fv2%2Fcomments&post=23598"}],"version-history":[{"count":1,"href":"https:\/\/encuentroinformativo.com.mx\/index.php?rest_route=\/wp\/v2\/posts\/23598\/revisions"}],"predecessor-version":[{"id":23600,"href":"https:\/\/encuentroinformativo.com.mx\/index.php?rest_route=\/wp\/v2\/posts\/23598\/revisions\/23600"}],"wp:featuredmedia":[{"embeddable":true,"href":"https:\/\/encuentroinformativo.com.mx\/index.php?rest_route=\/wp\/v2\/media\/23599"}],"wp:attachment":[{"href":"https:\/\/encuentroinformativo.com.mx\/index.php?rest_route=%2Fwp%2Fv2%2Fmedia&parent=23598"}],"wp:term":[{"taxonomy":"category","embeddable":true,"href":"https:\/\/encuentroinformativo.com.mx\/index.php?rest_route=%2Fwp%2Fv2%2Fcategories&post=23598"},{"taxonomy":"post_tag","embeddable":true,"href":"https:\/\/encuentroinformativo.com.mx\/index.php?rest_route=%2Fwp%2Fv2%2Ftags&post=23598"}],"curies":[{"name":"wp","href":"https:\/\/api.w.org\/{rel}","templated":true}]}}