{"id":23606,"date":"2022-02-16T13:31:41","date_gmt":"2022-02-16T19:31:41","guid":{"rendered":"https:\/\/encuentroinformativo.com.mx\/?p=23606"},"modified":"2022-02-16T13:31:45","modified_gmt":"2022-02-16T19:31:45","slug":"gobierno-del-estado-apoyaria-con-artistas-para-masivos-alcaldesa","status":"publish","type":"post","link":"https:\/\/encuentroinformativo.com.mx\/?p=23606","title":{"rendered":"Gobierno del Estado apoyar\u00eda con artistas para masivos: Alcaldesa"},"content":{"rendered":"\n<p><strong>Alejandro \u00c1vila\u00a0<\/strong><\/p>\n\n\n\n<p>Veracruz, Ver.- La alcaldesa, Patricia Lobeira Rodr\u00edguez, confirm\u00f3 existen pl\u00e1ticas con el Gobierno del Estado, qui\u00e9nes apoyaron en la log\u00edstica y seguridad del evento; adem\u00e1s, el Ayuntamiento solicit\u00f3 ayuden con artistas musicales para realizar los eventos masivos en la Macroplaza del Malec\u00f3n.<\/p>\n\n\n\n<p>En ese sentido, se\u00f1al\u00f3 que, las pl\u00e1ticas est\u00e1n muy avanzadas y han sido en buenos t\u00e9rminos, por lo que considera, lograr\u00e1n conseguir el apoyo.<\/p>\n\n\n\n<p>&#8220;Bueno, el tema de seguridad y el apoyo log\u00edstico es algo que siempre se ha dado, realmente lo que nosotros queremos es que nos apoyen con alg\u00fan grupo, lo hemos estado platicando, y ellos est\u00e1n mostrando los qui\u00e9nes podr\u00edan ser. Y bueno, hemos estado en pl\u00e1ticas, estoy segura que vamos a tener una respuesta favorable y qu\u00e9 vamos a estar trabajando en conjunto para este Carnaval de Veracruz&#8221;, mencion\u00f3 la edil.<\/p>\n\n\n\n<p>Lobeira Rodr\u00edguez no detall\u00f3 si las pl\u00e1ticas se han tenido con personal de la Secretar\u00eda de Turismo (SECTUR) o de la Secretar\u00eda de Finanzas y Planeaci\u00f3n (SEFIPLAN).<\/p>\n\n\n\n<p>Hasta el momento, se tiene pensado destinar entre 45 y 50 millones de pesos por parte del Ayuntamiento de Veracruz para la realizaci\u00f3n del Carnaval de Veracruz 2022, mismo que se\u00f1al\u00f3, ya tiene confirmada una delegaci\u00f3n de Brasil y se est\u00e1 en espera de la confirmaci\u00f3n de la delegaci\u00f3n cubana.<\/p>\n","protected":false},"excerpt":{"rendered":"<p>Alejandro \u00c1vila\u00a0 Veracruz, Ver.- La alcaldesa, Patricia Lobeira Rodr\u00edguez, confirm\u00f3 existen pl\u00e1ticas con el Gobierno del Estado, qui\u00e9nes apoyaron en la log\u00edstica y seguridad del evento; adem\u00e1s, el Ayuntamiento solicit\u00f3 ayuden con artistas musicales para realizar los eventos masivos en la Macroplaza del Malec\u00f3n. En ese sentido, se\u00f1al\u00f3 que, las pl\u00e1ticas est\u00e1n muy avanzadas y [&hellip;]<\/p>\n","protected":false},"author":1,"featured_media":23607,"comment_status":"open","ping_status":"open","sticky":false,"template":"","format":"standard","meta":{"_jetpack_memberships_contains_paid_content":false,"footnotes":""},"categories":[2],"tags":[],"class_list":["post-23606","post","type-post","status-publish","format-standard","has-post-thumbnail","hentry","category-estado"],"jetpack_featured_media_url":"https:\/\/encuentroinformativo.com.mx\/wp-content\/uploads\/2022\/02\/3576F48B-A50E-4AC6-B333-E5679E209BD6.jpeg","jetpack_sharing_enabled":true,"jetpack_likes_enabled":true,"amp_enabled":true,"_links":{"self":[{"href":"https:\/\/encuentroinformativo.com.mx\/index.php?rest_route=\/wp\/v2\/posts\/23606","targetHints":{"allow":["GET"]}}],"collection":[{"href":"https:\/\/encuentroinformativo.com.mx\/index.php?rest_route=\/wp\/v2\/posts"}],"about":[{"href":"https:\/\/encuentroinformativo.com.mx\/index.php?rest_route=\/wp\/v2\/types\/post"}],"author":[{"embeddable":true,"href":"https:\/\/encuentroinformativo.com.mx\/index.php?rest_route=\/wp\/v2\/users\/1"}],"replies":[{"embeddable":true,"href":"https:\/\/encuentroinformativo.com.mx\/index.php?rest_route=%2Fwp%2Fv2%2Fcomments&post=23606"}],"version-history":[{"count":1,"href":"https:\/\/encuentroinformativo.com.mx\/index.php?rest_route=\/wp\/v2\/posts\/23606\/revisions"}],"predecessor-version":[{"id":23608,"href":"https:\/\/encuentroinformativo.com.mx\/index.php?rest_route=\/wp\/v2\/posts\/23606\/revisions\/23608"}],"wp:featuredmedia":[{"embeddable":true,"href":"https:\/\/encuentroinformativo.com.mx\/index.php?rest_route=\/wp\/v2\/media\/23607"}],"wp:attachment":[{"href":"https:\/\/encuentroinformativo.com.mx\/index.php?rest_route=%2Fwp%2Fv2%2Fmedia&parent=23606"}],"wp:term":[{"taxonomy":"category","embeddable":true,"href":"https:\/\/encuentroinformativo.com.mx\/index.php?rest_route=%2Fwp%2Fv2%2Fcategories&post=23606"},{"taxonomy":"post_tag","embeddable":true,"href":"https:\/\/encuentroinformativo.com.mx\/index.php?rest_route=%2Fwp%2Fv2%2Ftags&post=23606"}],"curies":[{"name":"wp","href":"https:\/\/api.w.org\/{rel}","templated":true}]}}