{"id":23622,"date":"2022-02-16T15:19:44","date_gmt":"2022-02-16T21:19:44","guid":{"rendered":"https:\/\/encuentroinformativo.com.mx\/?p=23622"},"modified":"2022-02-16T15:19:47","modified_gmt":"2022-02-16T21:19:47","slug":"celebran-activistas-creacion-de-comision-de-proteccion-animal","status":"publish","type":"post","link":"https:\/\/encuentroinformativo.com.mx\/?p=23622","title":{"rendered":"Celebran activistas creaci\u00f3n de Comisi\u00f3n de Protecci\u00f3n Animal"},"content":{"rendered":"\n<p><strong>Juan Arcos <\/strong><\/p>\n\n\n\n<p>Xalapa, Ver.- Animalistas de Veracruz celebraron que el ayuntamiento de Xalapa haya aprobado la creaci\u00f3n de una Comisi\u00f3n de Bienestar y Protecci\u00f3n Animal.<\/p>\n\n\n\n<p>Lourdes Jim\u00e9nez Mora, integrante de la Coalici\u00f3n de Activistas por los Derechos de los Animales en Veracruz, destac\u00f3 que est\u00e1 situaci\u00f3n representa un avance importante a favor de los derechos de los animales.<\/p>\n\n\n\n<p>Anteriormente, no hab\u00eda quien se encargara del tema de bienestar animal, solo el Centro de Salud Animal; sin embargo, los casos de maltrato y abandono han continuado en la ciudad capital.<\/p>\n\n\n\n<p>En esta ocasi\u00f3n, se integr\u00f3 un grupo de regidores que deber\u00e1 verificar el desempe\u00f1o de los funcionarios municipales del ramo.<\/p>\n\n\n\n<p>\u201cVa a haber un grupo de regidores dedicados a la comisi\u00f3n de bienestar animal, incluso tiene que haber una modificaci\u00f3n al reglamento del Ayuntamiento como tal&#8221;, expres\u00f3.<\/p>\n\n\n\n<p>La activista refiri\u00f3 que habr\u00e1 un trabajo permanente para atender tema relacionados con el bienestar y protecci\u00f3n animal en la capital.<\/p>\n\n\n\n<p>\u201cYa no tendremos que estar esperando si alg\u00fan regidor quiere o le interese trabajar con el tema\u201d, a\u00f1adi\u00f3 la tambi\u00e9n Coordinadora de Proyecto Arpa.<\/p>\n\n\n\n<p>Jim\u00e9nez Mora agradeci\u00f3 a los regidores Daniel Fern\u00e1ndez Carri\u00f3n por impulsar la creaci\u00f3n de la comisi\u00f3n, as\u00ed como al regidor Mart\u00edn Espinoza Rold\u00e1n por sumarse a la iniciativa.<\/p>\n\n\n\n<p>\u201cXalapa est\u00e1 a la vanguardia, es un trabajo muy fuerte el que se viene, pero ahora tenemos muchas m\u00e1s herramientas para hacerlo\u201d, remat\u00f3.<\/p>\n","protected":false},"excerpt":{"rendered":"<p>Juan Arcos Xalapa, Ver.- Animalistas de Veracruz celebraron que el ayuntamiento de Xalapa haya aprobado la creaci\u00f3n de una Comisi\u00f3n de Bienestar y Protecci\u00f3n Animal. Lourdes Jim\u00e9nez Mora, integrante de la Coalici\u00f3n de Activistas por los Derechos de los Animales en Veracruz, destac\u00f3 que est\u00e1 situaci\u00f3n representa un avance importante a favor de los derechos [&hellip;]<\/p>\n","protected":false},"author":1,"featured_media":23623,"comment_status":"open","ping_status":"open","sticky":false,"template":"","format":"standard","meta":{"_jetpack_memberships_contains_paid_content":false,"footnotes":""},"categories":[3],"tags":[],"class_list":["post-23622","post","type-post","status-publish","format-standard","has-post-thumbnail","hentry","category-xalapa"],"jetpack_featured_media_url":"https:\/\/encuentroinformativo.com.mx\/wp-content\/uploads\/2022\/02\/808C8A37-C854-46C7-A0EF-69692B0BE9A7.jpeg","jetpack_sharing_enabled":true,"jetpack_likes_enabled":true,"amp_enabled":true,"_links":{"self":[{"href":"https:\/\/encuentroinformativo.com.mx\/index.php?rest_route=\/wp\/v2\/posts\/23622","targetHints":{"allow":["GET"]}}],"collection":[{"href":"https:\/\/encuentroinformativo.com.mx\/index.php?rest_route=\/wp\/v2\/posts"}],"about":[{"href":"https:\/\/encuentroinformativo.com.mx\/index.php?rest_route=\/wp\/v2\/types\/post"}],"author":[{"embeddable":true,"href":"https:\/\/encuentroinformativo.com.mx\/index.php?rest_route=\/wp\/v2\/users\/1"}],"replies":[{"embeddable":true,"href":"https:\/\/encuentroinformativo.com.mx\/index.php?rest_route=%2Fwp%2Fv2%2Fcomments&post=23622"}],"version-history":[{"count":1,"href":"https:\/\/encuentroinformativo.com.mx\/index.php?rest_route=\/wp\/v2\/posts\/23622\/revisions"}],"predecessor-version":[{"id":23624,"href":"https:\/\/encuentroinformativo.com.mx\/index.php?rest_route=\/wp\/v2\/posts\/23622\/revisions\/23624"}],"wp:featuredmedia":[{"embeddable":true,"href":"https:\/\/encuentroinformativo.com.mx\/index.php?rest_route=\/wp\/v2\/media\/23623"}],"wp:attachment":[{"href":"https:\/\/encuentroinformativo.com.mx\/index.php?rest_route=%2Fwp%2Fv2%2Fmedia&parent=23622"}],"wp:term":[{"taxonomy":"category","embeddable":true,"href":"https:\/\/encuentroinformativo.com.mx\/index.php?rest_route=%2Fwp%2Fv2%2Fcategories&post=23622"},{"taxonomy":"post_tag","embeddable":true,"href":"https:\/\/encuentroinformativo.com.mx\/index.php?rest_route=%2Fwp%2Fv2%2Ftags&post=23622"}],"curies":[{"name":"wp","href":"https:\/\/api.w.org\/{rel}","templated":true}]}}