{"id":23625,"date":"2022-02-16T15:26:24","date_gmt":"2022-02-16T21:26:24","guid":{"rendered":"https:\/\/encuentroinformativo.com.mx\/?p=23625"},"modified":"2022-02-16T15:26:27","modified_gmt":"2022-02-16T21:26:27","slug":"sedena-y-ayuntamiento-de-boca-del-rio-limpiaran-escuelas","status":"publish","type":"post","link":"https:\/\/encuentroinformativo.com.mx\/?p=23625","title":{"rendered":"SEDENA y Ayuntamiento de Boca del R\u00edo limpiar\u00e1n escuelas"},"content":{"rendered":"\n<p><strong>Alejandro \u00c1vila<\/strong><\/p>\n\n\n\n<p>Boca del R\u00edo, Ver.- La Secretar\u00eda de la Defensa Nacional (SEDENA), en conjunto con el Ayuntamiento de Boca del R\u00edo, iniciaron con el programa &#8220;Recuperando Mi Escuela&#8221;, mismo que dar\u00e1 mantenimiento a los planteles educativos del municipio, previo al regreso a clases presenciales tras la pandemia.<\/p>\n\n\n\n<p>El alcalde de Boca del R\u00edo, Juan Manuel Un\u00e1nue Abascal, detall\u00f3 que este programa consiste en el mantenimiento de las \u00e1reas verdes -cortando la maleza y podando los \u00e1rboles-,as\u00ed como, trabajos de limpieza general, para que los estudiantes puedan regresar a las clases presenciales de manera segura.<\/p>\n\n\n\n<p>El banderazo de inicio del programa lo realizaron en la localidad de San Jos\u00e9 Novillero, d\u00f3nde personal de la direcci\u00f3n de Limpia P\u00fablica Municipal y 50 elementos del Ej\u00e9rcito Mexicano, adscritos a la Sexta Regi\u00f3n Militar, a cargo del Capit\u00e1n Segundo de Infanter\u00eda, Alberto Alejandro Ortega Tapia, realizaron labores de mantenimiento a la escuela Secundaria T\u00e9cnica Pesquera #114.<\/p>\n\n\n\n<p>\u201cEstamos trabajando de manera conjunta, nosotros como Ayuntamiento, y personal de la SEDENA, a quienes agradezco su valioso apoyo, para mantener limpios los espacios educativos de nuestra ciudad\u201d, dijo el panista.<\/p>\n\n\n\n<p>El presidente municipal, Juan Manuel Un\u00e1nue, agreg\u00f3 que, a partir de este mi\u00e9rcoles se abre la convocatoria en las redes sociales, para que las y los directores registren su escuela y sean apoyados con este programa; se tiene estimado atender m\u00e1s de 120 planteles del municipio sean beneficiados.<\/p>\n\n\n\n<p>&#8220;Es importante que registren su escuela para que podamos junto con el Ej\u00e9rcito y la direcci\u00f3n de Limpia P\u00fablica apoyar en las labores de limpieza, y escuchar si existen otras necesidades y en medida de nuestras posibilidades estaremos apoyando\u201d, remat\u00f3.<\/p>\n","protected":false},"excerpt":{"rendered":"<p>Alejandro \u00c1vila Boca del R\u00edo, Ver.- La Secretar\u00eda de la Defensa Nacional (SEDENA), en conjunto con el Ayuntamiento de Boca del R\u00edo, iniciaron con el programa &#8220;Recuperando Mi Escuela&#8221;, mismo que dar\u00e1 mantenimiento a los planteles educativos del municipio, previo al regreso a clases presenciales tras la pandemia. El alcalde de Boca del R\u00edo, Juan [&hellip;]<\/p>\n","protected":false},"author":1,"featured_media":23626,"comment_status":"open","ping_status":"open","sticky":false,"template":"","format":"standard","meta":{"_jetpack_memberships_contains_paid_content":false,"footnotes":""},"categories":[2],"tags":[],"class_list":["post-23625","post","type-post","status-publish","format-standard","has-post-thumbnail","hentry","category-estado"],"jetpack_featured_media_url":"https:\/\/encuentroinformativo.com.mx\/wp-content\/uploads\/2022\/02\/EDE73677-F18B-42B8-9E2A-64E0A9D45063.jpeg","jetpack_sharing_enabled":true,"jetpack_likes_enabled":true,"amp_enabled":true,"_links":{"self":[{"href":"https:\/\/encuentroinformativo.com.mx\/index.php?rest_route=\/wp\/v2\/posts\/23625","targetHints":{"allow":["GET"]}}],"collection":[{"href":"https:\/\/encuentroinformativo.com.mx\/index.php?rest_route=\/wp\/v2\/posts"}],"about":[{"href":"https:\/\/encuentroinformativo.com.mx\/index.php?rest_route=\/wp\/v2\/types\/post"}],"author":[{"embeddable":true,"href":"https:\/\/encuentroinformativo.com.mx\/index.php?rest_route=\/wp\/v2\/users\/1"}],"replies":[{"embeddable":true,"href":"https:\/\/encuentroinformativo.com.mx\/index.php?rest_route=%2Fwp%2Fv2%2Fcomments&post=23625"}],"version-history":[{"count":1,"href":"https:\/\/encuentroinformativo.com.mx\/index.php?rest_route=\/wp\/v2\/posts\/23625\/revisions"}],"predecessor-version":[{"id":23627,"href":"https:\/\/encuentroinformativo.com.mx\/index.php?rest_route=\/wp\/v2\/posts\/23625\/revisions\/23627"}],"wp:featuredmedia":[{"embeddable":true,"href":"https:\/\/encuentroinformativo.com.mx\/index.php?rest_route=\/wp\/v2\/media\/23626"}],"wp:attachment":[{"href":"https:\/\/encuentroinformativo.com.mx\/index.php?rest_route=%2Fwp%2Fv2%2Fmedia&parent=23625"}],"wp:term":[{"taxonomy":"category","embeddable":true,"href":"https:\/\/encuentroinformativo.com.mx\/index.php?rest_route=%2Fwp%2Fv2%2Fcategories&post=23625"},{"taxonomy":"post_tag","embeddable":true,"href":"https:\/\/encuentroinformativo.com.mx\/index.php?rest_route=%2Fwp%2Fv2%2Ftags&post=23625"}],"curies":[{"name":"wp","href":"https:\/\/api.w.org\/{rel}","templated":true}]}}