{"id":23630,"date":"2022-02-16T16:04:09","date_gmt":"2022-02-16T22:04:09","guid":{"rendered":"https:\/\/encuentroinformativo.com.mx\/?p=23630"},"modified":"2022-02-16T16:04:12","modified_gmt":"2022-02-16T22:04:12","slug":"arremete-gobernador-contra-ine-impugnaran-determinacion-por-pronunciamiento","status":"publish","type":"post","link":"https:\/\/encuentroinformativo.com.mx\/?p=23630","title":{"rendered":"Arremete Gobernador contra INE; impugnar\u00e1n determinaci\u00f3n por pronunciamiento"},"content":{"rendered":"\n<p><strong>Redacci\u00f3n<\/strong><\/p>\n\n\n\n<p>Xalapa, Ver.- El gobernador Cuitl\u00e1huac Garc\u00eda Jim\u00e9nez acuso al Instituto Nacional Electoral (INE) de hacer un uso faccioso de sus facultades, por ordenar el retiro del comunicado \u201cde apoyo\u201d que ofrecieron gobernadores de Morena al presidente Andr\u00e9s Manuel L\u00f3pez Obrador.<\/p>\n\n\n\n<p>Durante la conferencia de prensa que realiz\u00f3 desde Coatzacoalcos, el ejecutivo estatal fue cuestionado sobre la determinaci\u00f3n que el \u00f3rgano electoral dio a conocer este mi\u00e9rcoles, al considerar que el pronunciamiento efectuado se realiz\u00f3 en un periodo prohibido como es la veda por la revocaci\u00f3n de mandato.<\/p>\n\n\n\n<p>\u201cNosotros ante la decisi\u00f3n que ha tomado el INE decimos que es lamentable porque ya muestra un uso faccioso del INE por parte de un partido excedido, de acuerdo a los procedimientos vamos a impugnar, vamos a atender la medida que imponen pero si es importante, lo m\u00e1s importante es el derecho del pueblo a ser informado\u201d.<\/p>\n\n\n\n<p>El planteamiento se da en otro contexto muy diferente al que la veda pretender inhibir, dijo, el art\u00edculo es clar\u00edsimo, a mi parecer, a nuestro parecer de los gobernadores pretende inhibir la propaganda gubernamental.<\/p>\n\n\n\n<p>Cabe recordar que este mi\u00e9rcoles el Instituto Nacional Electoral dio a conocer la determinaci\u00f3n de pedir anular el pronunciamiento que se\u00f1alan se realiz\u00f3 en una periodo prohibido y lo consideran propaganda gubernamental.<\/p>\n","protected":false},"excerpt":{"rendered":"<p>Redacci\u00f3n Xalapa, Ver.- El gobernador Cuitl\u00e1huac Garc\u00eda Jim\u00e9nez acuso al Instituto Nacional Electoral (INE) de hacer un uso faccioso de sus facultades, por ordenar el retiro del comunicado \u201cde apoyo\u201d que ofrecieron gobernadores de Morena al presidente Andr\u00e9s Manuel L\u00f3pez Obrador. Durante la conferencia de prensa que realiz\u00f3 desde Coatzacoalcos, el ejecutivo estatal fue cuestionado [&hellip;]<\/p>\n","protected":false},"author":1,"featured_media":23631,"comment_status":"open","ping_status":"open","sticky":false,"template":"","format":"standard","meta":{"_jetpack_memberships_contains_paid_content":false,"footnotes":""},"categories":[2],"tags":[],"class_list":["post-23630","post","type-post","status-publish","format-standard","has-post-thumbnail","hentry","category-estado"],"jetpack_featured_media_url":"https:\/\/encuentroinformativo.com.mx\/wp-content\/uploads\/2022\/02\/7B3C0D83-7554-4DF2-810E-E519804AED41.jpeg","jetpack_sharing_enabled":true,"jetpack_likes_enabled":true,"amp_enabled":true,"_links":{"self":[{"href":"https:\/\/encuentroinformativo.com.mx\/index.php?rest_route=\/wp\/v2\/posts\/23630","targetHints":{"allow":["GET"]}}],"collection":[{"href":"https:\/\/encuentroinformativo.com.mx\/index.php?rest_route=\/wp\/v2\/posts"}],"about":[{"href":"https:\/\/encuentroinformativo.com.mx\/index.php?rest_route=\/wp\/v2\/types\/post"}],"author":[{"embeddable":true,"href":"https:\/\/encuentroinformativo.com.mx\/index.php?rest_route=\/wp\/v2\/users\/1"}],"replies":[{"embeddable":true,"href":"https:\/\/encuentroinformativo.com.mx\/index.php?rest_route=%2Fwp%2Fv2%2Fcomments&post=23630"}],"version-history":[{"count":1,"href":"https:\/\/encuentroinformativo.com.mx\/index.php?rest_route=\/wp\/v2\/posts\/23630\/revisions"}],"predecessor-version":[{"id":23632,"href":"https:\/\/encuentroinformativo.com.mx\/index.php?rest_route=\/wp\/v2\/posts\/23630\/revisions\/23632"}],"wp:featuredmedia":[{"embeddable":true,"href":"https:\/\/encuentroinformativo.com.mx\/index.php?rest_route=\/wp\/v2\/media\/23631"}],"wp:attachment":[{"href":"https:\/\/encuentroinformativo.com.mx\/index.php?rest_route=%2Fwp%2Fv2%2Fmedia&parent=23630"}],"wp:term":[{"taxonomy":"category","embeddable":true,"href":"https:\/\/encuentroinformativo.com.mx\/index.php?rest_route=%2Fwp%2Fv2%2Fcategories&post=23630"},{"taxonomy":"post_tag","embeddable":true,"href":"https:\/\/encuentroinformativo.com.mx\/index.php?rest_route=%2Fwp%2Fv2%2Ftags&post=23630"}],"curies":[{"name":"wp","href":"https:\/\/api.w.org\/{rel}","templated":true}]}}