{"id":23633,"date":"2022-02-16T17:22:13","date_gmt":"2022-02-16T23:22:13","guid":{"rendered":"https:\/\/encuentroinformativo.com.mx\/?p=23633"},"modified":"2022-02-16T17:22:17","modified_gmt":"2022-02-16T23:22:17","slug":"emite-ayuntamiento-protocolo-para-prevenir-covid-19-en-el-entorno-laboral","status":"publish","type":"post","link":"https:\/\/encuentroinformativo.com.mx\/?p=23633","title":{"rendered":"Emite Ayuntamiento protocolo para prevenir Covid-19 en el entorno laboral"},"content":{"rendered":"\n<p>Xalapa, Ver.- Ante la emergencia sanitaria que se enfrenta por el SARS-CoV-2 y con el fin de limitar el n\u00famero de casos de Covid-19, el Ayuntamiento de Xalapa, a trav\u00e9s de la Direcci\u00f3n de Recursos Humanos, emiti\u00f3 el Protocolo de Actuaci\u00f3n en el Entorno Laboral para las Dependencias y Entidades Municipales.<\/p>\n\n\n\n<p>El documento est\u00e1 basado en los lineamientos t\u00e9cnicos de seguridad sanitaria en el entorno laboral del Gobierno Federal para privilegiar la salud, la vida, la solidaridad, la no discriminaci\u00f3n, la eficiencia y responsabilidad, y contiene una serie de recomendaciones para la aplicaci\u00f3n de medidas universales de prevenci\u00f3n establecidas por otros organismos sanitarios internacionales.<\/p>\n\n\n\n<p>Destacan el uso permanente y adecuado del cubrebocas dentro de las instalaciones municipales y el exhorto para que se utilice tambi\u00e9n en espacios y transporte p\u00fablicos.<\/p>\n\n\n\n<p>En el caso del transporte se recomienda extremar medidas de protecci\u00f3n como el uso de gel al abordar y descender de la unidad, mantener la sana distancia y si las condiciones del clima lo permiten, procurar una ventilaci\u00f3n adecuada.<\/p>\n\n\n\n<p>Al ingresar a los centros de trabajo se solicita al personal hacerlo por los filtros sanitarios para medir la temperatura corporal, verificar el uso correcto del cubreboca, protegiendo nariz y boca, y aplicar soluci\u00f3n desinfectante en manos, as\u00ed como mantener el \u00e1rea de trabajo lo mejor ventilada posible.<\/p>\n\n\n\n<p>Es importante que el personal participe en las tareas de limpieza de los espacios e instrumentos de trabajo y establecer una rutina de aseo de objetos personales y de uso com\u00fan con alcohol o soluci\u00f3n desinfectante.<\/p>\n\n\n\n<p>Se debe evitar tocar la cara, en especial ojos, nariz y boca, y si se estornuda o tose, hay que cubrirse con el \u00e1ngulo interno del brazo.<\/p>\n\n\n\n<p>No se deben compartir objetos de uso com\u00fan o personales como tel\u00e9fonos celulares, aud\u00edfonos, plumas o equipo de protecci\u00f3n individual, ni bebidas o comida, y promover la sana distancia y no realizar reuniones o convivios.<\/p>\n\n\n\n<p>En las \u00e1reas de atenci\u00f3n al p\u00fablico se debe invitar a todas y todos a cumplir con el uso de cubreboca y la sana distancia, y lavarse con frecuencia manos con agua y jab\u00f3n, o usar soluci\u00f3n desinfectante al llegar o salir de cualquier oficina.<\/p>\n\n\n\n<p>En caso de que alg\u00fan compa\u00f1ero o compa\u00f1era de trabajo presente s\u00edntomas de Covid-19 se debe informar a la jefa o jefe inmediato y acudir al servicio m\u00e9dico para valoraci\u00f3n y determinar el procedimiento de salud a seguir.<\/p>\n\n\n\n<p>A los titulares de las \u00e1reas del Gobierno Municipal se les solicita brindar las facilidades para que el personal cumpla con el proceso de vacunaci\u00f3n de acuerdo con las fechas programadas en el Plan Nacional de Vacunaci\u00f3n contra Covid-19.<\/p>\n\n\n\n<p>El documento tambi\u00e9n establece el protocolo de aislamiento domiciliario y cuarentena por contagio o sospecha de \u00e9l, as\u00ed como el monitoreo de los casos positivos a trav\u00e9s del establecimiento de enlaces en cada dependencia municipal.<\/p>\n\n\n\n<p>Finalmente, se instruye a todas y todos a cumplir e intensificar las medidas de prevenci\u00f3n para mitigar el riesgo de transmisi\u00f3n, y que el Ayuntamiento sea ejemplo de responsabilidad y colaboraci\u00f3n en el esfuerzo colectivo que se realiza para controlar la pandemia generada por el SARS-CoV-2.<\/p>\n","protected":false},"excerpt":{"rendered":"<p>Xalapa, Ver.- Ante la emergencia sanitaria que se enfrenta por el SARS-CoV-2 y con el fin de limitar el n\u00famero de casos de Covid-19, el Ayuntamiento de Xalapa, a trav\u00e9s de la Direcci\u00f3n de Recursos Humanos, emiti\u00f3 el Protocolo de Actuaci\u00f3n en el Entorno Laboral para las Dependencias y Entidades Municipales. El documento est\u00e1 basado [&hellip;]<\/p>\n","protected":false},"author":1,"featured_media":23634,"comment_status":"open","ping_status":"open","sticky":false,"template":"","format":"standard","meta":{"_jetpack_memberships_contains_paid_content":false,"footnotes":""},"categories":[9],"tags":[],"class_list":["post-23633","post","type-post","status-publish","format-standard","has-post-thumbnail","hentry","category-salud"],"jetpack_featured_media_url":"https:\/\/encuentroinformativo.com.mx\/wp-content\/uploads\/2022\/02\/F77490F7-6013-402E-95C4-DECDBFE096AC.jpeg","jetpack_sharing_enabled":true,"jetpack_likes_enabled":true,"amp_enabled":true,"_links":{"self":[{"href":"https:\/\/encuentroinformativo.com.mx\/index.php?rest_route=\/wp\/v2\/posts\/23633","targetHints":{"allow":["GET"]}}],"collection":[{"href":"https:\/\/encuentroinformativo.com.mx\/index.php?rest_route=\/wp\/v2\/posts"}],"about":[{"href":"https:\/\/encuentroinformativo.com.mx\/index.php?rest_route=\/wp\/v2\/types\/post"}],"author":[{"embeddable":true,"href":"https:\/\/encuentroinformativo.com.mx\/index.php?rest_route=\/wp\/v2\/users\/1"}],"replies":[{"embeddable":true,"href":"https:\/\/encuentroinformativo.com.mx\/index.php?rest_route=%2Fwp%2Fv2%2Fcomments&post=23633"}],"version-history":[{"count":1,"href":"https:\/\/encuentroinformativo.com.mx\/index.php?rest_route=\/wp\/v2\/posts\/23633\/revisions"}],"predecessor-version":[{"id":23635,"href":"https:\/\/encuentroinformativo.com.mx\/index.php?rest_route=\/wp\/v2\/posts\/23633\/revisions\/23635"}],"wp:featuredmedia":[{"embeddable":true,"href":"https:\/\/encuentroinformativo.com.mx\/index.php?rest_route=\/wp\/v2\/media\/23634"}],"wp:attachment":[{"href":"https:\/\/encuentroinformativo.com.mx\/index.php?rest_route=%2Fwp%2Fv2%2Fmedia&parent=23633"}],"wp:term":[{"taxonomy":"category","embeddable":true,"href":"https:\/\/encuentroinformativo.com.mx\/index.php?rest_route=%2Fwp%2Fv2%2Fcategories&post=23633"},{"taxonomy":"post_tag","embeddable":true,"href":"https:\/\/encuentroinformativo.com.mx\/index.php?rest_route=%2Fwp%2Fv2%2Ftags&post=23633"}],"curies":[{"name":"wp","href":"https:\/\/api.w.org\/{rel}","templated":true}]}}