{"id":23636,"date":"2022-02-17T09:10:03","date_gmt":"2022-02-17T15:10:03","guid":{"rendered":"https:\/\/encuentroinformativo.com.mx\/?p=23636"},"modified":"2022-02-17T09:10:07","modified_gmt":"2022-02-17T15:10:07","slug":"dirigencias-y-elecciones","status":"publish","type":"post","link":"https:\/\/encuentroinformativo.com.mx\/?p=23636","title":{"rendered":"Dirigencias y elecciones"},"content":{"rendered":"\n<p><strong>Los Pol\u00edticos<\/strong><\/p>\n\n\n\n<p><strong>Salvador Mu\u00f1oz<\/strong><\/p>\n\n\n\n<p>La decisi\u00f3n del Tribunal Electoral con respecto a la elecci\u00f3n de dirigente en el PAN, expone de cierto modo la relevancia que tiene cada cabeza de partido en Veracruz\u2026<\/p>\n\n\n\n<p>De entrada, en Veracruz tenemos ocho partidos que trato de citar en el orden de fuerza electoral tras los resultados del 2021: Morena, PAN, Movimiento Ciudadano, Verde Ecologista, PRI, PRD, PT Fuerza por M\u00e9xico.<\/p>\n\n\n\n<p>De estos ocho, s\u00f3lo uno de ellos es dirigido por una mujer: el PVEM, encabezado por Eleaney Sesma. Ah, pero con la decisi\u00f3n del TEV de repetir la elecci\u00f3n en el PAN, nos deja hasta el momento con seis dirigentes de partido.<\/p>\n\n\n\n<p>En el caso de la secretaria general del PVEM, quien recientemente tom\u00f3 las riendas del partido por tres a\u00f1os, es casi un hecho que ha de jugar el ajedrez completo para las elecciones del 2024, aunque su primera prueba de fuego han de ser las elecciones extraordinarias venideras\u2026 y j\u00farelo que por las circunstancias, de paso se ha de chutar las del 2025. De c\u00f3mo haga su juego, de c\u00f3mo acuerde las alianzas o vaya solo el partido, ha de labrar su propia historia en su paso como dirigente.<\/p>\n\n\n\n<p>En el caso de Movimiento Ciudadano, con un Sergio Gil Rull\u00e1n ratificado como dirigente en 2021, conociendo lo inquieto que es, ya ha de estar armando los escenarios con los prospectos para ir avanzando al 2024 y al igual que a Eleaney, las circunstancias lo arrastran sin querer a ser parte activa para el 2025\u2026 el asunto es refrendar ese tercer lugar como fuerza electoral en Veracruz o dar otro salto en positivo\u2026<\/p>\n\n\n\n<p>Caso contrario pudiera ocurrir con Marlon Ram\u00edrez Mar\u00edn, quien con la adversidad de compa\u00f1era en esta pasada elecci\u00f3n, le dio para cuatro curules (aunque uno se le raj\u00f3) y un tanto de triunfos municipales. Su periodo como presidente de partido termina en el 2023 y si los c\u00e1lculos no fallan, se supone que el proceso de renovaci\u00f3n de la dirigencia estatal ser\u00eda antes de que las autoridades electorales den el banderazo de salida rumbo a los comicios del 2024\u2026&nbsp;<\/p>\n\n\n\n<p>Condiciones muy similares ha de enfrentar el PRD que a mediados del 2023 se supone que tendr\u00eda que renovar su dirigencia, cuya batuta lleva hoy Sergio Cadena Mart\u00ednez\u2026 el asunto es que a diferencia del PRI (que es por abril el cambio) la del Sol Azteca es por agosto, y no s\u00e9 si a esas alturas ya haya iniciado el proceso de elecci\u00f3n, lo que podr\u00eda llevar a una ampliaci\u00f3n del t\u00e9rmino para que atendiera el 2024\u2026&nbsp;<\/p>\n\n\n\n<p>Fuerza por M\u00e9xico en Veracruz a cargo de Tato Vega Yunes es un caso muy particular\u2026 el \u00fanico partido de los que compitieron siendo nuevo su registro y cumpli\u00f3 sus objetivos, tanto que ah\u00ed est\u00e1 con la oportunidad de seguir perfil\u00e1ndose como una opci\u00f3n pol\u00edtica en la entidad.<\/p>\n\n\n\n<p>Aunque la particularidad no se basa en los objetivos cumplidos del partido, sino de su dirigente, Tato Vega Yunes, quien junto con Sergio Gil Rull\u00e1n y Esteban Ram\u00edrez Zepeta, est\u00e1 entre los l\u00edderes j\u00f3venes de partido con 38 a\u00f1os\u2026 el de Movimiento Ciudadano, si la memoria no me falla, anda por los 35, mientras que el de Morena, 33 a\u00f1os.<\/p>\n\n\n\n<p>Aunque dicho sea de paso, la edad no es lo singular de Tato, sino que al ser dirigente de Fuerza por M\u00e9xico reconocido este 2022 como partido estatal, su mandato va hasta el 2026, lo que lo lleva a un r\u00e9cord electoral curioso: estuvo al frente en el 2021; lo har\u00e1 en las extraordinarias; en el 2024 estar\u00e1 presente as\u00ed como en el 2025 en las municipales; y si me apuran, en una de \u00e9sas, en la renovaci\u00f3n del Congreso local en el 26\u2026<\/p>\n\n\n\n<p>Por otro lado, el otro joven, Esteban Ram\u00edrez, con resultados extraordinarios en el 2021, y con posibilidad de competir por la dirigencia del partidazo, s\u00f3lo hay que aplicarle una pregunta: \u00bfpara qu\u00e9 tanto brinco estando el suelo tan parejo? En otras palabras: para qu\u00e9 moverlo.<\/p>\n\n\n\n<p>Del PAN, pues ni caso tiene citarlo, porque en estos momentos podr\u00edamos decir que el TEV lo puso en un stand by\u2026<\/p>\n\n\n\n<p>PD Se nos pasaba el PT, pero a como hacen las cosas all\u00ed, tampoco hay mucho que decir\u2026<\/p>\n\n\n\n<p><a href=\"mailto:smcainito@gmail.com\" target=\"_blank\" rel=\"noreferrer noopener\">smcainito@gmail.com<\/a><\/p>\n","protected":false},"excerpt":{"rendered":"<p>Los Pol\u00edticos Salvador Mu\u00f1oz La decisi\u00f3n del Tribunal Electoral con respecto a la elecci\u00f3n de dirigente en el PAN, expone de cierto modo la relevancia que tiene cada cabeza de partido en Veracruz\u2026 De entrada, en Veracruz tenemos ocho partidos que trato de citar en el orden de fuerza electoral tras los resultados del 2021: [&hellip;]<\/p>\n","protected":false},"author":1,"featured_media":387,"comment_status":"open","ping_status":"open","sticky":false,"template":"","format":"standard","meta":{"_jetpack_memberships_contains_paid_content":false,"footnotes":""},"categories":[11],"tags":[],"class_list":["post-23636","post","type-post","status-publish","format-standard","has-post-thumbnail","hentry","category-opinion"],"jetpack_featured_media_url":"https:\/\/encuentroinformativo.com.mx\/wp-content\/uploads\/2020\/03\/7CF8A22B-2764-47BE-8F7F-38FE9E5D6A2F.jpeg","jetpack_sharing_enabled":true,"jetpack_likes_enabled":true,"amp_enabled":true,"_links":{"self":[{"href":"https:\/\/encuentroinformativo.com.mx\/index.php?rest_route=\/wp\/v2\/posts\/23636","targetHints":{"allow":["GET"]}}],"collection":[{"href":"https:\/\/encuentroinformativo.com.mx\/index.php?rest_route=\/wp\/v2\/posts"}],"about":[{"href":"https:\/\/encuentroinformativo.com.mx\/index.php?rest_route=\/wp\/v2\/types\/post"}],"author":[{"embeddable":true,"href":"https:\/\/encuentroinformativo.com.mx\/index.php?rest_route=\/wp\/v2\/users\/1"}],"replies":[{"embeddable":true,"href":"https:\/\/encuentroinformativo.com.mx\/index.php?rest_route=%2Fwp%2Fv2%2Fcomments&post=23636"}],"version-history":[{"count":1,"href":"https:\/\/encuentroinformativo.com.mx\/index.php?rest_route=\/wp\/v2\/posts\/23636\/revisions"}],"predecessor-version":[{"id":23637,"href":"https:\/\/encuentroinformativo.com.mx\/index.php?rest_route=\/wp\/v2\/posts\/23636\/revisions\/23637"}],"wp:featuredmedia":[{"embeddable":true,"href":"https:\/\/encuentroinformativo.com.mx\/index.php?rest_route=\/wp\/v2\/media\/387"}],"wp:attachment":[{"href":"https:\/\/encuentroinformativo.com.mx\/index.php?rest_route=%2Fwp%2Fv2%2Fmedia&parent=23636"}],"wp:term":[{"taxonomy":"category","embeddable":true,"href":"https:\/\/encuentroinformativo.com.mx\/index.php?rest_route=%2Fwp%2Fv2%2Fcategories&post=23636"},{"taxonomy":"post_tag","embeddable":true,"href":"https:\/\/encuentroinformativo.com.mx\/index.php?rest_route=%2Fwp%2Fv2%2Ftags&post=23636"}],"curies":[{"name":"wp","href":"https:\/\/api.w.org\/{rel}","templated":true}]}}