{"id":23640,"date":"2022-02-17T09:17:23","date_gmt":"2022-02-17T15:17:23","guid":{"rendered":"https:\/\/encuentroinformativo.com.mx\/?p=23640"},"modified":"2022-02-17T09:17:26","modified_gmt":"2022-02-17T15:17:26","slug":"se-registro-mortal-accidente-en-la-carretera-cardel-veracruz","status":"publish","type":"post","link":"https:\/\/encuentroinformativo.com.mx\/?p=23640","title":{"rendered":"Se registr\u00f3 mortal accidente en la carretera Cardel &#8211; Veracruz"},"content":{"rendered":"\n<p><strong>Alejandro \u00c1vila<\/strong><\/p>\n\n\n\n<p>Veracruz, Ver.- Talina F.R. fue el nombre con el que qued\u00f3 identificada una joven que conduc\u00eda un autom\u00f3vil Volkswagen tipo Beetle color rosa, la cual sufri\u00f3 un aparatoso y mortal accidente en la carretera Cardel &#8211; Veracruz.<\/p>\n\n\n\n<p>Seg\u00fan testigos, la joven circulaba a exceso de velocidad con rumbo al Puerto de Veracruz la noche de este mi\u00e9rcoles, cu\u00e1ndo por accidente se impact\u00f3 detr\u00e1s de un tr\u00e1iler quedando prensada y muriendo inmediatamente.<\/p>\n\n\n\n<p>Los hechos ocurrieron a la altura de la entrada al fraccionamiento Geovillas enfrente del parque Olmeca; aunque los cuerpos de emergencia de la Cruz Roja llegaron minutos m\u00e1s tarde, nada pudieron hacer por la joven, qui\u00e9n se pudo confirmar muri\u00f3 casi al instante.<\/p>\n\n\n\n<p>Al lugar tambi\u00e9n lleg\u00f3 personal del Heroico Cuerpo de Bomberos de Veracruz, para supervisar no hubiera un incendio tras el siniestro, al tiempo que realizaron las maniobras para retirar el cuerpo del interior del veh\u00edculo.<\/p>\n\n\n\n<p>Finalmente, servicios periciales fueron los que realizaron las diligencias correspondientes, as\u00ed como el levantamiento del cuerpo para trasladarlo, al Servicio M\u00e9dico Forense en espera de sus familiares; se pudo conocer qu\u00e9 la joven conocida como Talina, era maestra de nataci\u00f3n en el club Aquanova del municipio de Tuxpan.<\/p>\n","protected":false},"excerpt":{"rendered":"<p>Alejandro \u00c1vila Veracruz, Ver.- Talina F.R. fue el nombre con el que qued\u00f3 identificada una joven que conduc\u00eda un autom\u00f3vil Volkswagen tipo Beetle color rosa, la cual sufri\u00f3 un aparatoso y mortal accidente en la carretera Cardel &#8211; Veracruz. Seg\u00fan testigos, la joven circulaba a exceso de velocidad con rumbo al Puerto de Veracruz la [&hellip;]<\/p>\n","protected":false},"author":1,"featured_media":23641,"comment_status":"open","ping_status":"open","sticky":false,"template":"","format":"standard","meta":{"_jetpack_memberships_contains_paid_content":false,"footnotes":""},"categories":[14],"tags":[],"class_list":["post-23640","post","type-post","status-publish","format-standard","has-post-thumbnail","hentry","category-policiaca"],"jetpack_featured_media_url":"https:\/\/encuentroinformativo.com.mx\/wp-content\/uploads\/2022\/02\/A65A8B64-EF1C-4D96-9D1E-C3657C241C40.jpeg","jetpack_sharing_enabled":true,"jetpack_likes_enabled":true,"amp_enabled":true,"_links":{"self":[{"href":"https:\/\/encuentroinformativo.com.mx\/index.php?rest_route=\/wp\/v2\/posts\/23640","targetHints":{"allow":["GET"]}}],"collection":[{"href":"https:\/\/encuentroinformativo.com.mx\/index.php?rest_route=\/wp\/v2\/posts"}],"about":[{"href":"https:\/\/encuentroinformativo.com.mx\/index.php?rest_route=\/wp\/v2\/types\/post"}],"author":[{"embeddable":true,"href":"https:\/\/encuentroinformativo.com.mx\/index.php?rest_route=\/wp\/v2\/users\/1"}],"replies":[{"embeddable":true,"href":"https:\/\/encuentroinformativo.com.mx\/index.php?rest_route=%2Fwp%2Fv2%2Fcomments&post=23640"}],"version-history":[{"count":1,"href":"https:\/\/encuentroinformativo.com.mx\/index.php?rest_route=\/wp\/v2\/posts\/23640\/revisions"}],"predecessor-version":[{"id":23642,"href":"https:\/\/encuentroinformativo.com.mx\/index.php?rest_route=\/wp\/v2\/posts\/23640\/revisions\/23642"}],"wp:featuredmedia":[{"embeddable":true,"href":"https:\/\/encuentroinformativo.com.mx\/index.php?rest_route=\/wp\/v2\/media\/23641"}],"wp:attachment":[{"href":"https:\/\/encuentroinformativo.com.mx\/index.php?rest_route=%2Fwp%2Fv2%2Fmedia&parent=23640"}],"wp:term":[{"taxonomy":"category","embeddable":true,"href":"https:\/\/encuentroinformativo.com.mx\/index.php?rest_route=%2Fwp%2Fv2%2Fcategories&post=23640"},{"taxonomy":"post_tag","embeddable":true,"href":"https:\/\/encuentroinformativo.com.mx\/index.php?rest_route=%2Fwp%2Fv2%2Ftags&post=23640"}],"curies":[{"name":"wp","href":"https:\/\/api.w.org\/{rel}","templated":true}]}}