{"id":23649,"date":"2022-02-17T12:14:55","date_gmt":"2022-02-17T18:14:55","guid":{"rendered":"https:\/\/encuentroinformativo.com.mx\/?p=23649"},"modified":"2022-02-17T12:14:59","modified_gmt":"2022-02-17T18:14:59","slug":"feminicidio-en-cosamalopan-presunto-asesino-se-dio-a-la-fuga","status":"publish","type":"post","link":"https:\/\/encuentroinformativo.com.mx\/?p=23649","title":{"rendered":"Feminicidio en Cosamalopan, presunto asesino se dio a la fuga"},"content":{"rendered":"\n<p><strong>Alejandro \u00c1vila<\/strong><\/p>\n\n\n\n<p>Cosamaloapan, Ver.- La noche de este mi\u00e9rcoles se registr\u00f3 un feminicidio en el municipio de Cosamaloapan, cuando Melit\u00f3n &#8220;N&#8221; asesin\u00f3 a machetazos a su esposa, de nombre Sara Castillo Ch\u00e1vez de 31 a\u00f1os de edad.<\/p>\n\n\n\n<p>Los violentos hechos se registraron en la colonia San Felipe del municipio mencionado; seg\u00fan testigos, este lamentable suceso, fue presenciado por la hija de 7 a\u00f1os de la pareja.<\/p>\n\n\n\n<p>Al lugar acudieron elementos de la Secretar\u00eda de Seguridad P\u00fablica y y param\u00e9dicos de la Cruz Roja, qui\u00e9nes trasladaron a la v\u00edctima a\u00fan con vida, al Instituto Mexicano del Seguro Social (IMSS) con sede en Cosamaloapan; sin embargo minutos m\u00e1s tarde la joven perdi\u00f3 la vida.<\/p>\n\n\n\n<p>Los reportes m\u00e9dicos se\u00f1alan que las heridas provocadas por el agresor le ocasionaron a la v\u00edctima un traumatismo craneoencef\u00e1lico y exposici\u00f3n de masa encef\u00e1lica.&nbsp;<\/p>\n\n\n\n<p>Melit\u00f3n &#8220;N&#8221; es trabajador de una toritilleria, y este se dio a la fuga tras realizar su fechor\u00eda; hasta el momento contin\u00faa la b\u00fasqueda del agresor por parte de las autoridades.<\/p>\n","protected":false},"excerpt":{"rendered":"<p>Alejandro \u00c1vila Cosamaloapan, Ver.- La noche de este mi\u00e9rcoles se registr\u00f3 un feminicidio en el municipio de Cosamaloapan, cuando Melit\u00f3n &#8220;N&#8221; asesin\u00f3 a machetazos a su esposa, de nombre Sara Castillo Ch\u00e1vez de 31 a\u00f1os de edad. Los violentos hechos se registraron en la colonia San Felipe del municipio mencionado; seg\u00fan testigos, este lamentable suceso, [&hellip;]<\/p>\n","protected":false},"author":1,"featured_media":23650,"comment_status":"open","ping_status":"open","sticky":false,"template":"","format":"standard","meta":{"_jetpack_memberships_contains_paid_content":false,"footnotes":""},"categories":[14],"tags":[],"class_list":["post-23649","post","type-post","status-publish","format-standard","has-post-thumbnail","hentry","category-policiaca"],"jetpack_featured_media_url":"https:\/\/encuentroinformativo.com.mx\/wp-content\/uploads\/2022\/02\/1FA88EE8-0930-4FCE-AE02-1DFC721F55F9.jpeg","jetpack_sharing_enabled":true,"jetpack_likes_enabled":true,"amp_enabled":true,"_links":{"self":[{"href":"https:\/\/encuentroinformativo.com.mx\/index.php?rest_route=\/wp\/v2\/posts\/23649","targetHints":{"allow":["GET"]}}],"collection":[{"href":"https:\/\/encuentroinformativo.com.mx\/index.php?rest_route=\/wp\/v2\/posts"}],"about":[{"href":"https:\/\/encuentroinformativo.com.mx\/index.php?rest_route=\/wp\/v2\/types\/post"}],"author":[{"embeddable":true,"href":"https:\/\/encuentroinformativo.com.mx\/index.php?rest_route=\/wp\/v2\/users\/1"}],"replies":[{"embeddable":true,"href":"https:\/\/encuentroinformativo.com.mx\/index.php?rest_route=%2Fwp%2Fv2%2Fcomments&post=23649"}],"version-history":[{"count":1,"href":"https:\/\/encuentroinformativo.com.mx\/index.php?rest_route=\/wp\/v2\/posts\/23649\/revisions"}],"predecessor-version":[{"id":23651,"href":"https:\/\/encuentroinformativo.com.mx\/index.php?rest_route=\/wp\/v2\/posts\/23649\/revisions\/23651"}],"wp:featuredmedia":[{"embeddable":true,"href":"https:\/\/encuentroinformativo.com.mx\/index.php?rest_route=\/wp\/v2\/media\/23650"}],"wp:attachment":[{"href":"https:\/\/encuentroinformativo.com.mx\/index.php?rest_route=%2Fwp%2Fv2%2Fmedia&parent=23649"}],"wp:term":[{"taxonomy":"category","embeddable":true,"href":"https:\/\/encuentroinformativo.com.mx\/index.php?rest_route=%2Fwp%2Fv2%2Fcategories&post=23649"},{"taxonomy":"post_tag","embeddable":true,"href":"https:\/\/encuentroinformativo.com.mx\/index.php?rest_route=%2Fwp%2Fv2%2Ftags&post=23649"}],"curies":[{"name":"wp","href":"https:\/\/api.w.org\/{rel}","templated":true}]}}