{"id":23652,"date":"2022-02-17T12:18:33","date_gmt":"2022-02-17T18:18:33","guid":{"rendered":"https:\/\/encuentroinformativo.com.mx\/?p=23652"},"modified":"2022-02-17T12:18:37","modified_gmt":"2022-02-17T18:18:37","slug":"veracruz-supera-la-media-nacional-en-vacunacion-de-refuerzo","status":"publish","type":"post","link":"https:\/\/encuentroinformativo.com.mx\/?p=23652","title":{"rendered":"Veracruz supera la media nacional en vacunaci\u00f3n de refuerzo"},"content":{"rendered":"\n<p><strong>Alejandro \u00c1vila<\/strong><\/p>\n\n\n\n<p>Veracruz, Ver.- El estado de Veracruz supera la Media Nacional de vacuna de refuerzos adultos mayores con 68.5 por ciento, inform\u00f3 el delegado Federal, Manuel Huerta Ladr\u00f3n de Guevara.<\/p>\n\n\n\n<p>Mencion\u00f3 que seg\u00fan el reporte de El Pulso de la Salud, a nivel nacional se tiene un 67 de adultos mayores de 60 a\u00f1os vacunados con la tercera dosis.<\/p>\n\n\n\n<p>El delegado Federal agreg\u00f3 que de las casi 10 millones de vacunas que se han puesto en la entidad veracruzana, 1 mill\u00f3n 400 mil, corresponden a la vacuna del refuerzo.<\/p>\n\n\n\n<p>&#8220;Lo m\u00e1s importante es que en el grueso de la poblaci\u00f3n, cerca del 82 por ciento est\u00e1 vacunado, mayor de 18 a\u00f1os. Y ya tambi\u00e9n ustedes saben qu\u00e9 es la \u00fanica manera de prevenir, est\u00e1 comprobado que el 95 por ciento de la seguridad preventiva en la enfermedad del COVID, es la vacuna&#8221;, apunt\u00f3.<\/p>\n\n\n\n<p>Huerta Ladr\u00f3n de Guevara agreg\u00f3 que, el 70 por ciento de las personas que se hospitalizan por COVID y desafortunadamente fallecen, no se encuentran vacunadas, les falta el segundo refuerzo de vacuna.<\/p>\n\n\n\n<p>La ma\u00f1ana de este jueves, el delegado Federal estuvo acompa\u00f1ado de, Hugo Ra\u00fal Paul\u00edn Hern\u00e1ndez, subsecretar\u00eda de Inclusi\u00f3n Productiva y Desarrollo Rural, qui\u00e9n se encuentra de gira de trabajo por Veracruz, donde supervisar\u00e1 el programa Sembrando Vida.<\/p>\n","protected":false},"excerpt":{"rendered":"<p>Alejandro \u00c1vila Veracruz, Ver.- El estado de Veracruz supera la Media Nacional de vacuna de refuerzos adultos mayores con 68.5 por ciento, inform\u00f3 el delegado Federal, Manuel Huerta Ladr\u00f3n de Guevara. Mencion\u00f3 que seg\u00fan el reporte de El Pulso de la Salud, a nivel nacional se tiene un 67 de adultos mayores de 60 a\u00f1os [&hellip;]<\/p>\n","protected":false},"author":1,"featured_media":23653,"comment_status":"open","ping_status":"open","sticky":false,"template":"","format":"standard","meta":{"_jetpack_memberships_contains_paid_content":false,"footnotes":""},"categories":[9],"tags":[],"class_list":["post-23652","post","type-post","status-publish","format-standard","has-post-thumbnail","hentry","category-salud"],"jetpack_featured_media_url":"https:\/\/encuentroinformativo.com.mx\/wp-content\/uploads\/2022\/02\/09BE5339-C701-4FCD-AC6F-B089D4C9F435.jpeg","jetpack_sharing_enabled":true,"jetpack_likes_enabled":true,"amp_enabled":true,"_links":{"self":[{"href":"https:\/\/encuentroinformativo.com.mx\/index.php?rest_route=\/wp\/v2\/posts\/23652","targetHints":{"allow":["GET"]}}],"collection":[{"href":"https:\/\/encuentroinformativo.com.mx\/index.php?rest_route=\/wp\/v2\/posts"}],"about":[{"href":"https:\/\/encuentroinformativo.com.mx\/index.php?rest_route=\/wp\/v2\/types\/post"}],"author":[{"embeddable":true,"href":"https:\/\/encuentroinformativo.com.mx\/index.php?rest_route=\/wp\/v2\/users\/1"}],"replies":[{"embeddable":true,"href":"https:\/\/encuentroinformativo.com.mx\/index.php?rest_route=%2Fwp%2Fv2%2Fcomments&post=23652"}],"version-history":[{"count":1,"href":"https:\/\/encuentroinformativo.com.mx\/index.php?rest_route=\/wp\/v2\/posts\/23652\/revisions"}],"predecessor-version":[{"id":23654,"href":"https:\/\/encuentroinformativo.com.mx\/index.php?rest_route=\/wp\/v2\/posts\/23652\/revisions\/23654"}],"wp:featuredmedia":[{"embeddable":true,"href":"https:\/\/encuentroinformativo.com.mx\/index.php?rest_route=\/wp\/v2\/media\/23653"}],"wp:attachment":[{"href":"https:\/\/encuentroinformativo.com.mx\/index.php?rest_route=%2Fwp%2Fv2%2Fmedia&parent=23652"}],"wp:term":[{"taxonomy":"category","embeddable":true,"href":"https:\/\/encuentroinformativo.com.mx\/index.php?rest_route=%2Fwp%2Fv2%2Fcategories&post=23652"},{"taxonomy":"post_tag","embeddable":true,"href":"https:\/\/encuentroinformativo.com.mx\/index.php?rest_route=%2Fwp%2Fv2%2Ftags&post=23652"}],"curies":[{"name":"wp","href":"https:\/\/api.w.org\/{rel}","templated":true}]}}