{"id":23659,"date":"2022-02-17T12:50:25","date_gmt":"2022-02-17T18:50:25","guid":{"rendered":"https:\/\/encuentroinformativo.com.mx\/?p=23659"},"modified":"2022-02-17T12:50:27","modified_gmt":"2022-02-17T18:50:27","slug":"ante-anulacion-cierran-oficinas-panistas","status":"publish","type":"post","link":"https:\/\/encuentroinformativo.com.mx\/?p=23659","title":{"rendered":"Ante anulaci\u00f3n, cierran oficinas panistas"},"content":{"rendered":"\n<p>Xalapa, Ver.- Tras la resoluci\u00f3n del Tribunal Electoral de Veracruz (TEV) que orden\u00f3 repetir elecci\u00f3n interna del PAN y revocar la dirigencia de Federico Salom\u00f3n, en las instalaciones del Comit\u00e9 Estatal se coloc\u00f3 una manta para pedir a Morena que saque las manos de la elecci\u00f3n interna.<\/p>\n\n\n\n<p>La puerta principal del edificio se encuentra cerrada con cadena y candado.\u00a0<\/p>\n\n\n\n<figure class=\"wp-block-image size-large\"><img loading=\"lazy\" decoding=\"async\" width=\"1024\" height=\"683\" src=\"https:\/\/encuentroinformativo.com.mx\/wp-content\/uploads\/2022\/02\/D8942D24-9B0C-4158-A3FC-9DC8165E8EC6-1024x683.jpeg\" alt=\"\" class=\"wp-image-23661\" srcset=\"https:\/\/encuentroinformativo.com.mx\/wp-content\/uploads\/2022\/02\/D8942D24-9B0C-4158-A3FC-9DC8165E8EC6-1024x683.jpeg 1024w, https:\/\/encuentroinformativo.com.mx\/wp-content\/uploads\/2022\/02\/D8942D24-9B0C-4158-A3FC-9DC8165E8EC6-300x200.jpeg 300w, https:\/\/encuentroinformativo.com.mx\/wp-content\/uploads\/2022\/02\/D8942D24-9B0C-4158-A3FC-9DC8165E8EC6-768x512.jpeg 768w, https:\/\/encuentroinformativo.com.mx\/wp-content\/uploads\/2022\/02\/D8942D24-9B0C-4158-A3FC-9DC8165E8EC6-1536x1024.jpeg 1536w, https:\/\/encuentroinformativo.com.mx\/wp-content\/uploads\/2022\/02\/D8942D24-9B0C-4158-A3FC-9DC8165E8EC6.jpeg 1600w\" sizes=\"auto, (max-width: 1024px) 100vw, 1024px\" \/><\/figure>\n","protected":false},"excerpt":{"rendered":"<p>Xalapa, Ver.- Tras la resoluci\u00f3n del Tribunal Electoral de Veracruz (TEV) que orden\u00f3 repetir elecci\u00f3n interna del PAN y revocar la dirigencia de Federico Salom\u00f3n, en las instalaciones del Comit\u00e9 Estatal se coloc\u00f3 una manta para pedir a Morena que saque las manos de la elecci\u00f3n interna. La puerta principal del edificio se encuentra cerrada [&hellip;]<\/p>\n","protected":false},"author":1,"featured_media":23660,"comment_status":"open","ping_status":"open","sticky":false,"template":"","format":"standard","meta":{"_jetpack_memberships_contains_paid_content":false,"footnotes":""},"categories":[3],"tags":[],"class_list":["post-23659","post","type-post","status-publish","format-standard","has-post-thumbnail","hentry","category-xalapa"],"jetpack_featured_media_url":"https:\/\/encuentroinformativo.com.mx\/wp-content\/uploads\/2022\/02\/2DBA3BCF-B008-4A71-AB88-76E159FB19A7.jpeg","jetpack_sharing_enabled":true,"jetpack_likes_enabled":true,"amp_enabled":true,"_links":{"self":[{"href":"https:\/\/encuentroinformativo.com.mx\/index.php?rest_route=\/wp\/v2\/posts\/23659","targetHints":{"allow":["GET"]}}],"collection":[{"href":"https:\/\/encuentroinformativo.com.mx\/index.php?rest_route=\/wp\/v2\/posts"}],"about":[{"href":"https:\/\/encuentroinformativo.com.mx\/index.php?rest_route=\/wp\/v2\/types\/post"}],"author":[{"embeddable":true,"href":"https:\/\/encuentroinformativo.com.mx\/index.php?rest_route=\/wp\/v2\/users\/1"}],"replies":[{"embeddable":true,"href":"https:\/\/encuentroinformativo.com.mx\/index.php?rest_route=%2Fwp%2Fv2%2Fcomments&post=23659"}],"version-history":[{"count":1,"href":"https:\/\/encuentroinformativo.com.mx\/index.php?rest_route=\/wp\/v2\/posts\/23659\/revisions"}],"predecessor-version":[{"id":23662,"href":"https:\/\/encuentroinformativo.com.mx\/index.php?rest_route=\/wp\/v2\/posts\/23659\/revisions\/23662"}],"wp:featuredmedia":[{"embeddable":true,"href":"https:\/\/encuentroinformativo.com.mx\/index.php?rest_route=\/wp\/v2\/media\/23660"}],"wp:attachment":[{"href":"https:\/\/encuentroinformativo.com.mx\/index.php?rest_route=%2Fwp%2Fv2%2Fmedia&parent=23659"}],"wp:term":[{"taxonomy":"category","embeddable":true,"href":"https:\/\/encuentroinformativo.com.mx\/index.php?rest_route=%2Fwp%2Fv2%2Fcategories&post=23659"},{"taxonomy":"post_tag","embeddable":true,"href":"https:\/\/encuentroinformativo.com.mx\/index.php?rest_route=%2Fwp%2Fv2%2Ftags&post=23659"}],"curies":[{"name":"wp","href":"https:\/\/api.w.org\/{rel}","templated":true}]}}