{"id":23663,"date":"2022-02-17T12:56:32","date_gmt":"2022-02-17T18:56:32","guid":{"rendered":"https:\/\/encuentroinformativo.com.mx\/?p=23663"},"modified":"2022-02-17T12:56:35","modified_gmt":"2022-02-17T18:56:35","slug":"defensa-de-karime-apelara-extradicion","status":"publish","type":"post","link":"https:\/\/encuentroinformativo.com.mx\/?p=23663","title":{"rendered":"Defensa de Karime apelar\u00e1 extradici\u00f3n"},"content":{"rendered":"\n<p><strong>Juan Arcos <\/strong><\/p>\n\n\n\n<p>Xalapa, Ver.- Debido a que el Reino Unido autoriz\u00f3 la extradici\u00f3n de Karime Mac\u00edas Tubilla, exesposa del exgobernador Javier Duarte de Ochoa, la defensa de la expresidenta del Sistema para el Desarrollo Integral de la Familia (DIF) en Veracruz dio a conocerque apelar\u00e1 la decisi\u00f3n judicial.<\/p>\n\n\n\n<p>Karime enfrenta cargos por presunto desv\u00edo de m\u00e1s de 100 millones de pesos a empresas fantasma cuando fue presidenta del DIF estatal.<\/p>\n\n\n\n<p>En un comunicado, la mujer se\u00f1al\u00f3 que un juez brit\u00e1nico decidi\u00f3 conceder su extradici\u00f3n del Reino Unido a M\u00e9xico, a partir de declaraciones falsas que algunos servidores p\u00fablicos de la Fiscal\u00eda veracruzana, que vienen desde tiempos de Miguel \u00c1ngel Yunes Linares, presentaron en las cortes inglesas.<\/p>\n\n\n\n<p>Sin embargo, aclar\u00f3 que esto no significa que sea trasladada a M\u00e9xico ni que sea culpable. Adem\u00e1s, de que no permitir\u00e1 que esas falsedades que declararon funcionarios queden impunes.<\/p>\n\n\n\n<p>En ese sentido, asegur\u00f3 que ya en M\u00e9xico se siguen procedimientos que revelar\u00e1n la verdad. Adem\u00e1s, dijo que demostrar\u00e1 en amparo que ya se extingui\u00f3 la acci\u00f3n penal en su contra.<\/p>\n\n\n\n<p>Mac\u00edas Tubilla indic\u00f3 que en M\u00e9xico el gobierno de Miguel \u00c1ngel Yunes y su equipo se encarg\u00f3 de armar ilegal y maliciosamente esta absurda acusaci\u00f3n de fraude.<\/p>\n\n\n\n<p>\u201cLo hicieron, abusando de sus cargos al grado de torturar testigos para declarar falsedades en mi contra, lo que ya est\u00e1 probado. Lo hicieron controlando jueces locales y dejando en claro que la Fiscal\u00eda estatal es solo un anexo de la oficina del Gobernador, sin la independencia que tan solo existe en el papel y no en la realidad. Su plan fue difundir masivamente una imagen negativa de mi persona y conseguir con ello el que se me prejuzgara injustamente como culpable\u201d, enfatiz\u00f3.<\/p>\n\n\n\n<p>Tambi\u00e9n destac\u00f3 que tuvo un cargo honorario en el DIF de Veracruz por ser la entonces esposa de quien fuera Gobernador y ahora es su exmarido, un cargo donde, asegur\u00f3, no manej\u00f3 fondos, tampoco decidi\u00f3 cuestiones administrativas ni celebr\u00f3 contratos.<\/p>\n\n\n\n<p>\u201cNi un peso lleg\u00f3 a mi bolsa, al grado de que no hay prueba alguna de ello en la acusaci\u00f3n. Exijo se muestre p\u00fablicamente una sola prueba de que yo me haya enriquecido indebidamente. Le aseguro a los medios de comunicaci\u00f3n que nadie se las podr\u00e1 mostrar, simple y sencillamente porque no existe\u201d, agreg\u00f3.<\/p>\n\n\n\n<p>Insisti\u00f3 en que vive en Londres y su situaci\u00f3n econ\u00f3mica es cr\u00edtica, sin lujos -seg\u00fan ella- c\u00f3mo se quiso hacer creer.<\/p>\n\n\n\n<p>\u00a0\u201cMi intenci\u00f3n es clara, voy a defenderme por y para mis hijos. Mientras tenga fuerzas para luchar y recursos legales por interponer, seguir\u00e9 dando la batalla de mi vida.. Al tiempo\u2026 que no perdona, no olvida y pone las cosas en su lugar\u201d, se lee en su pronunciamiento.<\/p>\n\n\n\n<p>Las autoridades veracruzanas consideran Karime Mac\u00edas una pieza clave en la trama de corrupci\u00f3n en el sexenio de Javier Duarte de Ochoa, quien se encuentra preso en el Reclusorio Norte por los delitos de lavado de dinero y asociaci\u00f3n delictuosa.<\/p>\n","protected":false},"excerpt":{"rendered":"<p>Juan Arcos Xalapa, Ver.- Debido a que el Reino Unido autoriz\u00f3 la extradici\u00f3n de Karime Mac\u00edas Tubilla, exesposa del exgobernador Javier Duarte de Ochoa, la defensa de la expresidenta del Sistema para el Desarrollo Integral de la Familia (DIF) en Veracruz dio a conocerque apelar\u00e1 la decisi\u00f3n judicial. Karime enfrenta cargos por presunto desv\u00edo de [&hellip;]<\/p>\n","protected":false},"author":1,"featured_media":23664,"comment_status":"open","ping_status":"open","sticky":false,"template":"","format":"standard","meta":{"_jetpack_memberships_contains_paid_content":false,"footnotes":""},"categories":[13],"tags":[],"class_list":["post-23663","post","type-post","status-publish","format-standard","has-post-thumbnail","hentry","category-internacional"],"jetpack_featured_media_url":"https:\/\/encuentroinformativo.com.mx\/wp-content\/uploads\/2022\/02\/159FC2E3-F8E5-47B1-8302-C6D76ED59A05.jpeg","jetpack_sharing_enabled":true,"jetpack_likes_enabled":true,"amp_enabled":true,"_links":{"self":[{"href":"https:\/\/encuentroinformativo.com.mx\/index.php?rest_route=\/wp\/v2\/posts\/23663","targetHints":{"allow":["GET"]}}],"collection":[{"href":"https:\/\/encuentroinformativo.com.mx\/index.php?rest_route=\/wp\/v2\/posts"}],"about":[{"href":"https:\/\/encuentroinformativo.com.mx\/index.php?rest_route=\/wp\/v2\/types\/post"}],"author":[{"embeddable":true,"href":"https:\/\/encuentroinformativo.com.mx\/index.php?rest_route=\/wp\/v2\/users\/1"}],"replies":[{"embeddable":true,"href":"https:\/\/encuentroinformativo.com.mx\/index.php?rest_route=%2Fwp%2Fv2%2Fcomments&post=23663"}],"version-history":[{"count":1,"href":"https:\/\/encuentroinformativo.com.mx\/index.php?rest_route=\/wp\/v2\/posts\/23663\/revisions"}],"predecessor-version":[{"id":23665,"href":"https:\/\/encuentroinformativo.com.mx\/index.php?rest_route=\/wp\/v2\/posts\/23663\/revisions\/23665"}],"wp:featuredmedia":[{"embeddable":true,"href":"https:\/\/encuentroinformativo.com.mx\/index.php?rest_route=\/wp\/v2\/media\/23664"}],"wp:attachment":[{"href":"https:\/\/encuentroinformativo.com.mx\/index.php?rest_route=%2Fwp%2Fv2%2Fmedia&parent=23663"}],"wp:term":[{"taxonomy":"category","embeddable":true,"href":"https:\/\/encuentroinformativo.com.mx\/index.php?rest_route=%2Fwp%2Fv2%2Fcategories&post=23663"},{"taxonomy":"post_tag","embeddable":true,"href":"https:\/\/encuentroinformativo.com.mx\/index.php?rest_route=%2Fwp%2Fv2%2Ftags&post=23663"}],"curies":[{"name":"wp","href":"https:\/\/api.w.org\/{rel}","templated":true}]}}