{"id":23669,"date":"2022-02-17T13:13:10","date_gmt":"2022-02-17T19:13:10","guid":{"rendered":"https:\/\/encuentroinformativo.com.mx\/?p=23669"},"modified":"2022-02-17T13:13:13","modified_gmt":"2022-02-17T19:13:13","slug":"habra-justicia-en-caso-karime-afirma-gobernador","status":"publish","type":"post","link":"https:\/\/encuentroinformativo.com.mx\/?p=23669","title":{"rendered":"Habr\u00e1 justicia en caso Karime, afirma Gobernador"},"content":{"rendered":"\n<p><strong>Juan Arcos <\/strong><\/p>\n\n\n\n<p>Xalapa, Ver.- El gobernador de Veracruz, Cuitl\u00e1huac Garc\u00eda Jim\u00e9nez, asegur\u00f3 que ser\u00e1 aplicada la justicia contra Karime Mac\u00edas Tubilla, exesposa del exgobernador Javier Duarte de Ochoa, luego de que el Reino Unido autorizara su extradici\u00f3n a M\u00e9xico.<\/p>\n\n\n\n<p>En conferencia de prensa, celebrada en Palacio de Gobierno, celebr\u00f3 que la Fiscal\u00eda General de la Rep\u00fablica (FGR) no haya abandonado el caso y haya logrado este paso en busca de justicia contra quienes saquearon al estado.<\/p>\n\n\n\n<p>\u201cFelicito a la FGR por no haber soltado el caso, por haberse mantenido para que se litigara en Londres, Inglaterra y se hiciera efectiva la petici\u00f3n de extradici\u00f3n, ganaron este paso. El da\u00f1o a las finanzas de Veracruz en la \u00e9poca de Javier es real y lo seguimos padeciendo, se tiene que continuar en b\u00fasqueda de los responsables y que se siga el proceso judicial\u201d, enfatiz\u00f3.<\/p>\n\n\n\n<p>Adem\u00e1s, indic\u00f3 que su gobierno ha procedido legalmente contra los exfuncionarios que da\u00f1aron el patrimonio de los veracruzanos, sin distingo de colores partidistas.<\/p>\n\n\n\n<p>El titular del Poder Ejecutivo en Veracruz destac\u00f3 que en abril del a\u00f1o pasado se giraron \u00f3rdenes de aprehensi\u00f3n contra ocho exfuncionarios del DIF estatal, durante el sexenio de Javier Duarte, exmandatario que se encuentra preso en el Reclusorio Norte por los delitos de lavado de dinero y asociaci\u00f3n delictuosa.<\/p>\n\n\n\n<p>Garc\u00eda Jim\u00e9nez mencion\u00f3 que en su gobierno no hay pactos con delincuentes, ni con personas que hayan da\u00f1ado al patrimonio del estado, como sucedi\u00f3 durante el bienio de Miguel \u00c1ngel Yunes Linares.<\/p>\n\n\n\n<p>\u201cAqu\u00ed no hay pactos como con el que me antecedi\u00f3, fueron arreglitos, pura simulaci\u00f3n, aqu\u00ed se va a seguir indagando a los responsables de ese gran desfalco\u201d, sentenci\u00f3.<\/p>\n\n\n\n<p>A su juicio, la entidad contin\u00faa padeciendo las consecuencias de la \u201clicuadora financiera\u201d, misma que impidi\u00f3 que los recursos federales llegaran a los municipios.<\/p>\n\n\n\n<p>\u201cMi antecesor no hizo nada por litigar y resolver la situaci\u00f3n de este desfalco y evitar recargos y sobre recargos, aumentaron intereses, multas y lo dejaron\u201d, a\u00f1adi\u00f3.<\/p>\n\n\n\n<p>Karime Mac\u00edas enfrenta cargos por el presunto desv\u00edo de m\u00e1s de 100 millones de pesos a empresas fantasma cuando fue presidenta del Sistema para el Desarrollo Integral de la Familia (DIF) en Veracruz.\u00a0<br>Sin embargo, su defensa apelar\u00e1 la decisi\u00f3n de un juez brit\u00e1nico para su extradici\u00f3n a M\u00e9xico.<\/p>\n","protected":false},"excerpt":{"rendered":"<p>Juan Arcos Xalapa, Ver.- El gobernador de Veracruz, Cuitl\u00e1huac Garc\u00eda Jim\u00e9nez, asegur\u00f3 que ser\u00e1 aplicada la justicia contra Karime Mac\u00edas Tubilla, exesposa del exgobernador Javier Duarte de Ochoa, luego de que el Reino Unido autorizara su extradici\u00f3n a M\u00e9xico. En conferencia de prensa, celebrada en Palacio de Gobierno, celebr\u00f3 que la Fiscal\u00eda General de la [&hellip;]<\/p>\n","protected":false},"author":1,"featured_media":23670,"comment_status":"open","ping_status":"open","sticky":false,"template":"","format":"standard","meta":{"_jetpack_memberships_contains_paid_content":false,"footnotes":""},"categories":[2],"tags":[],"class_list":["post-23669","post","type-post","status-publish","format-standard","has-post-thumbnail","hentry","category-estado"],"jetpack_featured_media_url":"https:\/\/encuentroinformativo.com.mx\/wp-content\/uploads\/2022\/02\/B453FAAF-ECE5-4D2A-83A1-DBB8628F6215.jpeg","jetpack_sharing_enabled":true,"jetpack_likes_enabled":true,"amp_enabled":true,"_links":{"self":[{"href":"https:\/\/encuentroinformativo.com.mx\/index.php?rest_route=\/wp\/v2\/posts\/23669","targetHints":{"allow":["GET"]}}],"collection":[{"href":"https:\/\/encuentroinformativo.com.mx\/index.php?rest_route=\/wp\/v2\/posts"}],"about":[{"href":"https:\/\/encuentroinformativo.com.mx\/index.php?rest_route=\/wp\/v2\/types\/post"}],"author":[{"embeddable":true,"href":"https:\/\/encuentroinformativo.com.mx\/index.php?rest_route=\/wp\/v2\/users\/1"}],"replies":[{"embeddable":true,"href":"https:\/\/encuentroinformativo.com.mx\/index.php?rest_route=%2Fwp%2Fv2%2Fcomments&post=23669"}],"version-history":[{"count":1,"href":"https:\/\/encuentroinformativo.com.mx\/index.php?rest_route=\/wp\/v2\/posts\/23669\/revisions"}],"predecessor-version":[{"id":23671,"href":"https:\/\/encuentroinformativo.com.mx\/index.php?rest_route=\/wp\/v2\/posts\/23669\/revisions\/23671"}],"wp:featuredmedia":[{"embeddable":true,"href":"https:\/\/encuentroinformativo.com.mx\/index.php?rest_route=\/wp\/v2\/media\/23670"}],"wp:attachment":[{"href":"https:\/\/encuentroinformativo.com.mx\/index.php?rest_route=%2Fwp%2Fv2%2Fmedia&parent=23669"}],"wp:term":[{"taxonomy":"category","embeddable":true,"href":"https:\/\/encuentroinformativo.com.mx\/index.php?rest_route=%2Fwp%2Fv2%2Fcategories&post=23669"},{"taxonomy":"post_tag","embeddable":true,"href":"https:\/\/encuentroinformativo.com.mx\/index.php?rest_route=%2Fwp%2Fv2%2Ftags&post=23669"}],"curies":[{"name":"wp","href":"https:\/\/api.w.org\/{rel}","templated":true}]}}