{"id":2367,"date":"2020-05-06T11:01:50","date_gmt":"2020-05-06T16:01:50","guid":{"rendered":"https:\/\/encuentroinformativo.com\/?p=2367"},"modified":"2020-05-06T11:01:53","modified_gmt":"2020-05-06T16:01:53","slug":"cuic-no-la-aguantaria","status":"publish","type":"post","link":"https:\/\/encuentroinformativo.com.mx\/?p=2367","title":{"rendered":"Cuic no la aguantar\u00eda"},"content":{"rendered":"\n<p><strong>Los Pol\u00edticos\u00a0<\/strong><\/p>\n\n\n\n<p><strong>Salvador Mu\u00f1oz<\/strong><br><\/p>\n\n\n\n<p>Conste, si bien la encuesta de Arias como cualquier otra, es un asunto de mera percepci\u00f3n, no deja de alarmar que cada mes, el gobernador de Veracruz aparezca ocupando los \u00faltimos lugares en diversas materias, siendo el coco, la inseguridad; pero ahora, con una pandemia encima, con una cuarentena alargada, con una crisis econ\u00f3mica que permea a diversos sectores, la sensaci\u00f3n entre los encuestados sobre la forma en que Garc\u00eda Jim\u00e9nez ha enfrentado al Coronavirus, es que no s\u00f3lo desconozca c\u00f3mo combatirlo, sino incluso, a a\u00f1o y medio de gobierno, tampoco tiene idea de d\u00f3nde est\u00e1 parado.<\/p>\n\n\n\n<p>A Cuitl\u00e1huac no lo ayuda su pol\u00edtica de Gobierno entre los ciudadanos y en estos momentos tampoco sus \u201cba\u00f1os de pueblo\u201d, y menos cuando el Covid-19 ha tenido en estos \u00faltimos d\u00edas un crecimiento que debe alarmar&#8230; pero hay que reconocerle algo tambi\u00e9n a Garc\u00eda Jim\u00e9nez: si su pol\u00edtica de Gobierno no le ayuda, \u00e9l tampoco ayuda a Morena. Conste, y no hablamos de la lucha interna por las riendas del partido en Veracruz\u2026 hablamos en general y se lo expongo en un simple ejemplo con esta pregunta:<\/p>\n\n\n\n<p>\u00bfQui\u00e9n cree que tenga m\u00e1s liderazgo ciudadano? \u00bfCuitl\u00e1huac o Ahued? Mejor a\u00fan: \u00bfQui\u00e9n cree que tenga m\u00e1s autoridad moral? \u00bfCuitl\u00e1huac o Ahued?<\/p>\n\n\n\n<p>Es un Gobernador sin liderazgo.<\/p>\n\n\n\n<p>Si bien, a nivel nacional hay una respuesta de Morena a la oposici\u00f3n donde trata de argumentar y fundamentar casos como el porqu\u00e9 aprobaron la Ley de Amnist\u00eda, al menos en Veracruz, Cuitl\u00e1huac s\u00f3lo es defendido con la \u201cfuerza moral\u201d de cada funcionario o diputado\u2026 con saliva, pues.<\/p>\n\n\n\n<p>Quiz\u00e1s por eso el dirigente del PRI estatal, Marlon Ram\u00edrez Mar\u00edn, considera que la mejor forma que tienen los diputados de Morena para&nbsp; \u201cdefender\u201d a Cuitl\u00e1huac Garc\u00eda es no exponerlo al juicio ciudadano haciendo o deshaciendo las Leyes.<\/p>\n\n\n\n<p>Ello lo sostiene por la Iniciativa con proyecto de Decreto que el grupo legislativo de Morena present\u00f3 el pasado s\u00e1bado, en la reciente Sesi\u00f3n Legislativa, donde pretenden reformar y adicionar diversas disposiciones de la Constituci\u00f3n Pol\u00edtica del Estado, y en el tema que ac\u00e1 tocamos, se menciona las Consultas Populares, donde se precisa el punto a adicionar:<\/p>\n\n\n\n<p>\u201cc) No podr\u00e1n ser objeto de consulta popular (&#8230;) la permanencia o continuidad en el cargo de los servidores p\u00fablicos de elecci\u00f3n popular (&#8230;)\u201d<\/p>\n\n\n\n<p>(Imagine el escenario: La voz de los ciudadanos, en un n\u00famero equivalente, al menos al dos por ciento de los inscritos en la lista nominal de electores de Veracruz, pidiendo en Consulta Ciudadana, o como dice L\u00f3pez Obrador, alzando su dedito, que se vaya Cuitl\u00e1huac de Palacio de Gobierno\u2026)<\/p>\n\n\n\n<p>Bueno, realmente para Marlon, no es una \u201cdefensa\u201d, sino una forma de falta de respaldo de los diputados locales y federales hacia \u201csu\u201d gobernador porque es seguro que el dirigente del PRI, al igual que los que respondieron a Arias Consultores y hasta los mismos diputados de Morena, perciban que as\u00ed como cada mes Garc\u00eda Jim\u00e9nez no levanta en las encuestas, dif\u00edcilmente podr\u00eda aguantar una consulta popular, tan as\u00ed, que hasta pudieran hacerle efectiva la Revocaci\u00f3n de Mandato\u2026 aunque sin duda, ser\u00e1 el 2021 el mejor term\u00f3metro que se pueda tener del trabajo de Cuitl\u00e1huac. All\u00ed se ver\u00e1 realmente de qu\u00e9 est\u00e1 hecho Garc\u00eda.<br><\/p>\n\n\n\n<p><a href=\"mailto:smcainito@gmail.com\" target=\"_blank\" rel=\"noreferrer noopener\">smcainito@gmail.com<\/a><\/p>\n\n\n\n<p><\/p>\n","protected":false},"excerpt":{"rendered":"<p>Los Pol\u00edticos\u00a0 Salvador Mu\u00f1oz Conste, si bien la encuesta de Arias como cualquier otra, es un asunto de mera percepci\u00f3n, no deja de alarmar que cada mes, el gobernador de Veracruz aparezca ocupando los \u00faltimos lugares en diversas materias, siendo el coco, la inseguridad; pero ahora, con una pandemia encima, con una cuarentena alargada, con [&hellip;]<\/p>\n","protected":false},"author":1,"featured_media":70,"comment_status":"open","ping_status":"open","sticky":false,"template":"","format":"standard","meta":{"_jetpack_memberships_contains_paid_content":false,"footnotes":""},"categories":[11],"tags":[],"class_list":["post-2367","post","type-post","status-publish","format-standard","has-post-thumbnail","hentry","category-opinion"],"jetpack_featured_media_url":"https:\/\/encuentroinformativo.com.mx\/wp-content\/uploads\/2020\/02\/opinion-invitado.jpg","jetpack_sharing_enabled":true,"jetpack_likes_enabled":true,"amp_enabled":true,"_links":{"self":[{"href":"https:\/\/encuentroinformativo.com.mx\/index.php?rest_route=\/wp\/v2\/posts\/2367","targetHints":{"allow":["GET"]}}],"collection":[{"href":"https:\/\/encuentroinformativo.com.mx\/index.php?rest_route=\/wp\/v2\/posts"}],"about":[{"href":"https:\/\/encuentroinformativo.com.mx\/index.php?rest_route=\/wp\/v2\/types\/post"}],"author":[{"embeddable":true,"href":"https:\/\/encuentroinformativo.com.mx\/index.php?rest_route=\/wp\/v2\/users\/1"}],"replies":[{"embeddable":true,"href":"https:\/\/encuentroinformativo.com.mx\/index.php?rest_route=%2Fwp%2Fv2%2Fcomments&post=2367"}],"version-history":[{"count":1,"href":"https:\/\/encuentroinformativo.com.mx\/index.php?rest_route=\/wp\/v2\/posts\/2367\/revisions"}],"predecessor-version":[{"id":2368,"href":"https:\/\/encuentroinformativo.com.mx\/index.php?rest_route=\/wp\/v2\/posts\/2367\/revisions\/2368"}],"wp:featuredmedia":[{"embeddable":true,"href":"https:\/\/encuentroinformativo.com.mx\/index.php?rest_route=\/wp\/v2\/media\/70"}],"wp:attachment":[{"href":"https:\/\/encuentroinformativo.com.mx\/index.php?rest_route=%2Fwp%2Fv2%2Fmedia&parent=2367"}],"wp:term":[{"taxonomy":"category","embeddable":true,"href":"https:\/\/encuentroinformativo.com.mx\/index.php?rest_route=%2Fwp%2Fv2%2Fcategories&post=2367"},{"taxonomy":"post_tag","embeddable":true,"href":"https:\/\/encuentroinformativo.com.mx\/index.php?rest_route=%2Fwp%2Fv2%2Ftags&post=2367"}],"curies":[{"name":"wp","href":"https:\/\/api.w.org\/{rel}","templated":true}]}}