{"id":23688,"date":"2022-02-18T09:14:38","date_gmt":"2022-02-18T15:14:38","guid":{"rendered":"https:\/\/encuentroinformativo.com.mx\/?p=23688"},"modified":"2022-02-18T09:14:41","modified_gmt":"2022-02-18T15:14:41","slug":"democracia-registro-o-ambos","status":"publish","type":"post","link":"https:\/\/encuentroinformativo.com.mx\/?p=23688","title":{"rendered":"Democracia, registro o ambos"},"content":{"rendered":"\n<p><strong>Los Pol\u00edticos<\/strong><\/p>\n\n\n\n<p><strong>Salvador Mu\u00f1oz<\/strong><\/p>\n\n\n\n<p>Ya sali\u00f3 Paco Garrido S\u00e1nchez a corregirme la plana: No son 8 los partidos que hay en Veracruz\u2026 son 12\u2026 por las elecciones extraordinarias que est\u00e1n a la vuelta de la esquina. Supongo que se refiere a Podemos, Unidad Ciudadana, Redes Sociales Progresistas y Encuentro Solidario.<\/p>\n\n\n\n<p>No creo que haya tomado en cuenta al Cardenista al ser el partido que a trancazos apenas si alcanz\u00f3 el 1 por ciento\u2026 y a lo mejor se le pas\u00f3 Todos por Veracruz\u2026 o a lo mejor sabe que no todos van a competir\u2026<\/p>\n\n\n\n<p>Al final, concedemos la raz\u00f3n al entonces dirigente de Podemos, Paco Garrido S\u00e1nchez y abrimos la posibilidad de que con estas elecciones extraordinarias, a los ocho partidos que yo cit\u00e9, en una de \u00e9sas, pasados los comicios, se sume uno\u2026 no creo que se d\u00e9 m\u00e1s y eso, sin hacer presupuestos.<\/p>\n\n\n\n<p>Me refiero a que, hablando de memoria, uno de estos cuatro partidos que vuelve a competir en los pr\u00f3ximos comicios, estaba a nada de porcentaje para alcanzar su anhelado 3 por ciento y cumplir con lo que la Ley establece para mantener su registro.<\/p>\n\n\n\n<p>Es decir, si pasadas las elecciones el porcentaje de votos que haga se suma a lo obtenido en el 2021 y le da el 3 por ciento, \u00a1voil\u00e1! \u00a1Habemus partido!<\/p>\n\n\n\n<p>En este caso, el partido que estar\u00eda m\u00e1s cerca de ello ser\u00eda Redes Sociales Progresistas, que si no se alteraron mucho los n\u00fameros, en municipios ten\u00eda 2.28 mientras que en curules, 2.72 por ciento\u2026<\/p>\n\n\n\n<p>Es decir: Va por un .80 para obrar el milagro.<\/p>\n\n\n\n<p>Se asume esto porque en el Tribunal Electoral de Veracruz, los magistrados est\u00e1n considerando que se debe tomar en cuenta el resultado de la extraordinaria para sumarlo a lo alcanzado en el 2021, inspirados en antecedentes de otras elecciones que resolvi\u00f3 el Tribunal Federal\u2026<\/p>\n\n\n\n<p>El antecedente, refieren los que saben de elecciones, se dio hace como siete a\u00f1os, en el 2015\u2026 al PT le faltaba 0.04% para alcanzar el porcentaje requerido a nivel nacional y se hab\u00eda ca\u00eddo un distrito en Aguascalientes. Entonces, la esperanza de mantener el registro se concentr\u00f3 all\u00ed, no s\u00f3lo por el mismo partido, sino tambi\u00e9n por su principal aliado: Morena.<\/p>\n\n\n\n<p>En aquella ocasi\u00f3n, Morena no puso candidato en Aguascalientes y se sum\u00f3 al PT en la extraordinaria \u00a1y salvaron el registro del PT!<\/p>\n\n\n\n<p>Por supuesto que cada elecci\u00f3n puede tener similitudes pero jam\u00e1s ser\u00e1 igual\u2026 por eso dec\u00eda al inicio, que esto se hac\u00eda sin presupuesto, sin tener en mano qu\u00e9 tanto de votos y porcentaje podr\u00eda arrojar cada municipio en disputa.&nbsp;<\/p>\n\n\n\n<p>\u00a1Vamos! Hay quienes aseguran que ni ganando en los cuatro municipios al 100 por ciento se lograr\u00eda que alguno de estos partidos citados la hicieran en grande\u2026 pero el asunto, dijeran los que gustan del juego democr\u00e1tico, no es ganar, sino competir\u2026 y todo suma, hasta un municipio que si bien, no te puede dar el registro, no deja de darte presencia\u2026 el chiste es hacer ruido.<\/p>\n\n\n\n<p><a href=\"mailto:smcainito@gmail.com\" target=\"_blank\" rel=\"noreferrer noopener\">smcainito@gmail.com<\/a><\/p>\n","protected":false},"excerpt":{"rendered":"<p>Los Pol\u00edticos Salvador Mu\u00f1oz Ya sali\u00f3 Paco Garrido S\u00e1nchez a corregirme la plana: No son 8 los partidos que hay en Veracruz\u2026 son 12\u2026 por las elecciones extraordinarias que est\u00e1n a la vuelta de la esquina. Supongo que se refiere a Podemos, Unidad Ciudadana, Redes Sociales Progresistas y Encuentro Solidario. No creo que haya tomado [&hellip;]<\/p>\n","protected":false},"author":1,"featured_media":387,"comment_status":"open","ping_status":"open","sticky":false,"template":"","format":"standard","meta":{"_jetpack_memberships_contains_paid_content":false,"footnotes":""},"categories":[11],"tags":[],"class_list":["post-23688","post","type-post","status-publish","format-standard","has-post-thumbnail","hentry","category-opinion"],"jetpack_featured_media_url":"https:\/\/encuentroinformativo.com.mx\/wp-content\/uploads\/2020\/03\/7CF8A22B-2764-47BE-8F7F-38FE9E5D6A2F.jpeg","jetpack_sharing_enabled":true,"jetpack_likes_enabled":true,"amp_enabled":true,"_links":{"self":[{"href":"https:\/\/encuentroinformativo.com.mx\/index.php?rest_route=\/wp\/v2\/posts\/23688","targetHints":{"allow":["GET"]}}],"collection":[{"href":"https:\/\/encuentroinformativo.com.mx\/index.php?rest_route=\/wp\/v2\/posts"}],"about":[{"href":"https:\/\/encuentroinformativo.com.mx\/index.php?rest_route=\/wp\/v2\/types\/post"}],"author":[{"embeddable":true,"href":"https:\/\/encuentroinformativo.com.mx\/index.php?rest_route=\/wp\/v2\/users\/1"}],"replies":[{"embeddable":true,"href":"https:\/\/encuentroinformativo.com.mx\/index.php?rest_route=%2Fwp%2Fv2%2Fcomments&post=23688"}],"version-history":[{"count":1,"href":"https:\/\/encuentroinformativo.com.mx\/index.php?rest_route=\/wp\/v2\/posts\/23688\/revisions"}],"predecessor-version":[{"id":23689,"href":"https:\/\/encuentroinformativo.com.mx\/index.php?rest_route=\/wp\/v2\/posts\/23688\/revisions\/23689"}],"wp:featuredmedia":[{"embeddable":true,"href":"https:\/\/encuentroinformativo.com.mx\/index.php?rest_route=\/wp\/v2\/media\/387"}],"wp:attachment":[{"href":"https:\/\/encuentroinformativo.com.mx\/index.php?rest_route=%2Fwp%2Fv2%2Fmedia&parent=23688"}],"wp:term":[{"taxonomy":"category","embeddable":true,"href":"https:\/\/encuentroinformativo.com.mx\/index.php?rest_route=%2Fwp%2Fv2%2Fcategories&post=23688"},{"taxonomy":"post_tag","embeddable":true,"href":"https:\/\/encuentroinformativo.com.mx\/index.php?rest_route=%2Fwp%2Fv2%2Ftags&post=23688"}],"curies":[{"name":"wp","href":"https:\/\/api.w.org\/{rel}","templated":true}]}}