{"id":23693,"date":"2022-02-18T13:09:39","date_gmt":"2022-02-18T19:09:39","guid":{"rendered":"https:\/\/encuentroinformativo.com.mx\/?p=23693"},"modified":"2022-02-18T13:09:43","modified_gmt":"2022-02-18T19:09:43","slug":"concluye-vacunacion-en-xalapa","status":"publish","type":"post","link":"https:\/\/encuentroinformativo.com.mx\/?p=23693","title":{"rendered":"Concluye vacunaci\u00f3n en Xalapa"},"content":{"rendered":"\n<p><strong>Dar\u00edo Pale <\/strong><\/p>\n\n\n\n<p>Xalapa, Ver.- El delegado de los programas federales del Bienestar en Veracruz Manuel Huerta Ladr\u00f3n de Guevara dio a conocer que la ciudadan\u00eda ya entendi\u00f3 que la vacunaci\u00f3n era la \u00fanica forma de parar las hospitalizaciones y los contagios, as\u00ed como los desenlace fatales, hoy terminan con Xalapa y continuar\u00e1n con otros municipios.<\/p>\n\n\n\n<p>Entrevistado en las instalaciones de la Benem\u00e9rita Escuela \u00a0Normal Veracruzana se\u00f1al\u00f3 que el d\u00eda de hoy concluye la vacunaci\u00f3n en la capital del estado y hoy mismo \u00a0continuar\u00e1n en otros municipios importantes como Orizaba, Poza Rica, Zongolica, Tezonapa.<\/p>\n\n\n\n<p>El d\u00eda de ma\u00f1ana iniciar\u00e1n con los municipios de Catemaco, Santiago Sochiapa, pasado ma\u00f1ana estar\u00e1n en Alamo Temapache, y el d\u00eda 20 estar\u00e1n vacunando en Coatzacoalcos, el 21 van a la conurbaci\u00f3n de Xalapa, Banderilla, Emiliano Zapata, y otras zonas conurbadas de Orizaba, Camerinao Z Mendoza y R\u00edo Blanco, Tantoyuca, Misantla.<\/p>\n\n\n\n<p>El 22 siguen con Coatepec, Acayucan, Coatzintla, al igual que otros municipios que dar\u00e1n a conceder m\u00e1s adelante, la pr\u00f3xima semana arrancar\u00e1n con otros 100 municipios de esta generaci\u00f3n.<\/p>\n\n\n\n<p>Coment\u00f3 que lo importante de los casi 10 millones de vacunas que han aplicado m\u00e1s de de casi un mill\u00f3n y medio son de refuerzo, no al ritmo de la primera y segunda dosis ya que los notarios del mes de diciembre y enero hicieron que mucha gente crey\u00f3 que esperando m\u00e1s tiempo despu\u00e9s de haber salido del contagio tendr\u00edan m\u00e1s tiempo el alargamiento del refuerzo.<\/p>\n\n\n\n<p>&#8220;Y seguimos creciendo, no al ritmo de la primera y segunda dosis porque los contagios del mes de diciembre y enero hicieron que mucha gente, bajo la idea de que si esperaban mucho tiempo despu\u00e9s de haber salido del contagio, iban a tener m\u00e1s tiempo el alargamiento del refuerzo, estamos viendo que en este tramo generacional (30 a 39 a\u00f1os), por los datos que tengo al d\u00eda de hoy, hemos vacunado, hasta ayer a 45 mil ciudadanos, con lo que vamos a vacunar hoy, estoy seguro que vamos a llegar a cerca de entre 55 y 60 mil&#8221;, indic\u00f3.<\/p>\n\n\n\n<p>Se\u00f1al\u00f3 que de esta generaci\u00f3n han vacunado hasta e d\u00eda de ayer hasta 45 mil ciudadanos y con los de hoy podr\u00edan llegar a 55 y 60 mil de una meta de 80 mil con lo cual estar\u00e1n por arriba del 60 o 65 por ciento de lo proyectado.<br>Inform\u00f3 que hay una &#8220;lentitud&#8221; en la aplicaci\u00f3n de dosis de refuerzo debido a que mucha gente viene saliendo de los contagios que se dieron en el mes de diciembre y enero.<br>&#8220;Hay una lentitud entre comillas, pero tiene que ver con que la gente viene saliendo de contagios todav\u00eda. Ahora lo bueno el contagio est\u00e1 contenido y est\u00e1 decreciendo&#8221;, asegur\u00f3.<\/p>\n\n\n\n<p>Es decir, hay una tendencia del 40 por ciento a la baja, por lo que presumi\u00f3 que la pol\u00edtica de vacunaci\u00f3n ha sido exitosa.<\/p>\n\n\n\n<p>Finalmente Huerta Ladr\u00f3n de Guevara llam\u00f3 nuevamente a los patrones para que permitan salir a sus trabajadores a que se vacunen.<\/p>\n","protected":false},"excerpt":{"rendered":"<p>Dar\u00edo Pale Xalapa, Ver.- El delegado de los programas federales del Bienestar en Veracruz Manuel Huerta Ladr\u00f3n de Guevara dio a conocer que la ciudadan\u00eda ya entendi\u00f3 que la vacunaci\u00f3n era la \u00fanica forma de parar las hospitalizaciones y los contagios, as\u00ed como los desenlace fatales, hoy terminan con Xalapa y continuar\u00e1n con otros municipios. [&hellip;]<\/p>\n","protected":false},"author":1,"featured_media":23695,"comment_status":"open","ping_status":"open","sticky":false,"template":"","format":"standard","meta":{"_jetpack_memberships_contains_paid_content":false,"footnotes":""},"categories":[9],"tags":[],"class_list":["post-23693","post","type-post","status-publish","format-standard","has-post-thumbnail","hentry","category-salud"],"jetpack_featured_media_url":"https:\/\/encuentroinformativo.com.mx\/wp-content\/uploads\/2022\/02\/D99BDC2C-FA44-4335-ACCD-EB9409219978.jpeg","jetpack_sharing_enabled":true,"jetpack_likes_enabled":true,"amp_enabled":true,"_links":{"self":[{"href":"https:\/\/encuentroinformativo.com.mx\/index.php?rest_route=\/wp\/v2\/posts\/23693","targetHints":{"allow":["GET"]}}],"collection":[{"href":"https:\/\/encuentroinformativo.com.mx\/index.php?rest_route=\/wp\/v2\/posts"}],"about":[{"href":"https:\/\/encuentroinformativo.com.mx\/index.php?rest_route=\/wp\/v2\/types\/post"}],"author":[{"embeddable":true,"href":"https:\/\/encuentroinformativo.com.mx\/index.php?rest_route=\/wp\/v2\/users\/1"}],"replies":[{"embeddable":true,"href":"https:\/\/encuentroinformativo.com.mx\/index.php?rest_route=%2Fwp%2Fv2%2Fcomments&post=23693"}],"version-history":[{"count":1,"href":"https:\/\/encuentroinformativo.com.mx\/index.php?rest_route=\/wp\/v2\/posts\/23693\/revisions"}],"predecessor-version":[{"id":23696,"href":"https:\/\/encuentroinformativo.com.mx\/index.php?rest_route=\/wp\/v2\/posts\/23693\/revisions\/23696"}],"wp:featuredmedia":[{"embeddable":true,"href":"https:\/\/encuentroinformativo.com.mx\/index.php?rest_route=\/wp\/v2\/media\/23695"}],"wp:attachment":[{"href":"https:\/\/encuentroinformativo.com.mx\/index.php?rest_route=%2Fwp%2Fv2%2Fmedia&parent=23693"}],"wp:term":[{"taxonomy":"category","embeddable":true,"href":"https:\/\/encuentroinformativo.com.mx\/index.php?rest_route=%2Fwp%2Fv2%2Fcategories&post=23693"},{"taxonomy":"post_tag","embeddable":true,"href":"https:\/\/encuentroinformativo.com.mx\/index.php?rest_route=%2Fwp%2Fv2%2Ftags&post=23693"}],"curies":[{"name":"wp","href":"https:\/\/api.w.org\/{rel}","templated":true}]}}