{"id":23700,"date":"2022-02-18T13:27:11","date_gmt":"2022-02-18T19:27:11","guid":{"rendered":"https:\/\/encuentroinformativo.com.mx\/?p=23700"},"modified":"2022-02-18T13:27:13","modified_gmt":"2022-02-18T19:27:13","slug":"se-recrudecen-problemas-de-contaminacion-en-coatepec","status":"publish","type":"post","link":"https:\/\/encuentroinformativo.com.mx\/?p=23700","title":{"rendered":"Se recrudecen problemas de contaminaci\u00f3n en Coatepec"},"content":{"rendered":"\n<p><strong>Juan Arcos <\/strong><\/p>\n\n\n\n<p>Coatepec, Ver.- Pobladores de la congregaci\u00f3n Las Lomas, municipio de Coatepec, denunciaron que se ha recrudecido el problema de contaminaci\u00f3n por el manejo indebido de un centro de transferencia de residuos s\u00f3lidos urbanos en el sitio.<\/p>\n\n\n\n<p>Las personas compartieron im\u00e1genes recientes donde se observan \u201cmonta\u00f1as\u201d de basura a cielo abierto, sin el tratamiento adecuado para evitar da\u00f1os al entorno ecol\u00f3gico.<\/p>\n\n\n\n<p>De acuerdo con Alfredo Reyes Hern\u00e1ndez, agente municipal de Las Lomas, desde el pasado 1 de enero se estableci\u00f3 dicho centro de transferencia, por lo que se report\u00f3 inmediatamente esta situaci\u00f3n a las autoridades municipales.<\/p>\n\n\n\n<p>\u201cDe este problema se le dio a conocer al alcalde Raymundo Andrade Rivera, pidi\u00e9ndole su intervenci\u00f3n, mand\u00e1ndole un oficio con firmas de la localidad Puerto Rico, 2 de Marzo, Las Lomas\u201d, expres\u00f3.<\/p>\n\n\n\n<p>Los habitantes tambi\u00e9n emitieron un oficio a la Secretar\u00eda de Medio Ambiente (Sedema), pero hasta el momento no han obtenido respuesta.<\/p>\n\n\n\n<p>\u201cLa preocupaci\u00f3n es cada vez mayor, ya que el centro no cuenta con las medidas necesarias y cada vez hay m\u00e1s acumulaci\u00f3n de basura\u201d, a\u00f1adi\u00f3 el agente municipal.<\/p>\n\n\n\n<p>El problema representa un foco de infecci\u00f3n y la gente tema que haya una propagaci\u00f3n de enfermedades en el Pueblo M\u00e1gico.\u00a0<br>Cerca del centro de trasferencia hay sembrad\u00edos de caf\u00e9, ca\u00f1a, lim\u00f3n y otros \u00e1rboles frutales.<\/p>\n\n\n\n<p>\u201cComo bien sabemos un centro de este tipo afecta a \u00e1rboles y a la vida silvestre de los animales\u201d, agreg\u00f3 Reyes Hern\u00e1ndez.<\/p>\n\n\n\n<p>Por tal motivo, los coatepecanos exigieron la intervenci\u00f3n de autoridades ambientales para sea atendido el problema lo antes posible.<\/p>\n\n\n\n<p>El alcalde de Coatepec, Raymundo Andrade Rivera, ha declarado varias veces que se trabaja en la soluci\u00f3n de dicho problema.<\/p>\n","protected":false},"excerpt":{"rendered":"<p>Juan Arcos Coatepec, Ver.- Pobladores de la congregaci\u00f3n Las Lomas, municipio de Coatepec, denunciaron que se ha recrudecido el problema de contaminaci\u00f3n por el manejo indebido de un centro de transferencia de residuos s\u00f3lidos urbanos en el sitio. Las personas compartieron im\u00e1genes recientes donde se observan \u201cmonta\u00f1as\u201d de basura a cielo abierto, sin el tratamiento [&hellip;]<\/p>\n","protected":false},"author":1,"featured_media":23701,"comment_status":"open","ping_status":"open","sticky":false,"template":"","format":"standard","meta":{"_jetpack_memberships_contains_paid_content":false,"footnotes":""},"categories":[8],"tags":[],"class_list":["post-23700","post","type-post","status-publish","format-standard","has-post-thumbnail","hentry","category-region"],"jetpack_featured_media_url":"https:\/\/encuentroinformativo.com.mx\/wp-content\/uploads\/2022\/02\/12CFA8A0-D3DF-459A-88FD-28E2D0EC070C.jpeg","jetpack_sharing_enabled":true,"jetpack_likes_enabled":true,"amp_enabled":true,"_links":{"self":[{"href":"https:\/\/encuentroinformativo.com.mx\/index.php?rest_route=\/wp\/v2\/posts\/23700","targetHints":{"allow":["GET"]}}],"collection":[{"href":"https:\/\/encuentroinformativo.com.mx\/index.php?rest_route=\/wp\/v2\/posts"}],"about":[{"href":"https:\/\/encuentroinformativo.com.mx\/index.php?rest_route=\/wp\/v2\/types\/post"}],"author":[{"embeddable":true,"href":"https:\/\/encuentroinformativo.com.mx\/index.php?rest_route=\/wp\/v2\/users\/1"}],"replies":[{"embeddable":true,"href":"https:\/\/encuentroinformativo.com.mx\/index.php?rest_route=%2Fwp%2Fv2%2Fcomments&post=23700"}],"version-history":[{"count":1,"href":"https:\/\/encuentroinformativo.com.mx\/index.php?rest_route=\/wp\/v2\/posts\/23700\/revisions"}],"predecessor-version":[{"id":23702,"href":"https:\/\/encuentroinformativo.com.mx\/index.php?rest_route=\/wp\/v2\/posts\/23700\/revisions\/23702"}],"wp:featuredmedia":[{"embeddable":true,"href":"https:\/\/encuentroinformativo.com.mx\/index.php?rest_route=\/wp\/v2\/media\/23701"}],"wp:attachment":[{"href":"https:\/\/encuentroinformativo.com.mx\/index.php?rest_route=%2Fwp%2Fv2%2Fmedia&parent=23700"}],"wp:term":[{"taxonomy":"category","embeddable":true,"href":"https:\/\/encuentroinformativo.com.mx\/index.php?rest_route=%2Fwp%2Fv2%2Fcategories&post=23700"},{"taxonomy":"post_tag","embeddable":true,"href":"https:\/\/encuentroinformativo.com.mx\/index.php?rest_route=%2Fwp%2Fv2%2Ftags&post=23700"}],"curies":[{"name":"wp","href":"https:\/\/api.w.org\/{rel}","templated":true}]}}