{"id":23703,"date":"2022-02-18T13:44:02","date_gmt":"2022-02-18T19:44:02","guid":{"rendered":"https:\/\/encuentroinformativo.com.mx\/?p=23703"},"modified":"2022-02-18T13:44:06","modified_gmt":"2022-02-18T19:44:06","slug":"con-protesta-en-caxa-reclaman-indemnizacion-para-joven-atropellado","status":"publish","type":"post","link":"https:\/\/encuentroinformativo.com.mx\/?p=23703","title":{"rendered":"Con protesta en CAXA, reclaman indemnizaci\u00f3n para joven atropellado"},"content":{"rendered":"\n<p><strong>Juan Arcos <\/strong><\/p>\n\n\n\n<p>Xalapa, Ver.- El motociclista Luis Antonio Viveros Lara, originario del municipio de Emiliano Zapata, fue arrollado por un autob\u00fas de la l\u00ednea TRS, el 3 de noviembre de 2020, tiene secuelas y hasta la fecha no ha sido indemnizado.<\/p>\n\n\n\n<p>El joven de 29 a\u00f1os fue embestido por el conductor de dicha unidad cuando se encontraba en su motocicleta, en la entrada a la zona de La Cumbre, en la localidad Carrizal, pas\u00e1ndole por encima y caus\u00e1ndole traumatismo craneoencef\u00e1lico y varias fracturas.<\/p>\n\n\n\n<p>Familiares, amigos y sus representantes legales protestaron afuera de la Central de Autobuses de Xalapa (CAXA), para exigir justicia en el caso.<\/p>\n\n\n\n<p>De acuerdo con su abogada Iliana Gonz\u00e1lez Garc\u00eda, la v\u00edctima logr\u00f3 sobrevivir y procedi\u00f3 legalmente contra la empresa Grupo Golfo-Pac\u00edfico, responsable de las l\u00edneas de autobuses TRS y ADO, en busca de su indemnizaci\u00f3n correspondiente.<\/p>\n\n\n\n<p>\u201cLa denuncia es contra el grupo Golfo Pac\u00edfico, contra GNP y contra el conductor de veh\u00edculo, producto de ese accidente \u00e9l sufri\u00f3 traumatismo craneoencef\u00e1lico severo y algunas otras lesiones, \u00e9l qued\u00f3 con diversos da\u00f1os mentales\u201d, expres\u00f3.<\/p>\n\n\n\n<p>La entrevistada acus\u00f3 que el conductor del cami\u00f3n, despu\u00e9s de arrollar al joven, ech\u00f3 la unidad en reversa para \u201crematarlo\u201d; sin embargo, no lo consigui\u00f3.<\/p>\n\n\n\n<p>Por este motivo, el chofer fue denunciado en la Fiscal\u00eda General del Estado (FGE) y vinculado a proceso por su probable responsabilidad en el delito de intento de homicidio, pero contin\u00faa en libertad y ni siquiera fue suspendida su licencia para conducir.<\/p>\n\n\n\n<p>El camionero contin\u00faa laborando de manera normal para la l\u00ednea de autobuses TRS, pese a que, de acuerdo con dos peritajes realizados, carece de condiciones de salud para desempe\u00f1ar su actividad, al padecer diabetes e hipertensi\u00f3n.<\/p>\n\n\n\n<p>V\u00edctor Mercado, el otro abogado de Luis, pidi\u00f3 la intervenci\u00f3n de la Comisi\u00f3n Estatal de Derechos Humanos (CEDH), para que emita una recomendaci\u00f3n en este caso.<\/p>\n\n\n\n<p>\u201cEn materia penal se har\u00e1 lo conducente, porque hay que tomar una medida cautelar m\u00e1s estricta para que no les tiemble la mano a la hora de resolver una suspensi\u00f3n de licencia, que era lo viable, porque no se vale que una persona siga trabajando y exponiendo a la sociedad\u201d, enfatiz\u00f3.<\/p>\n\n\n\n<p>Luis era soldador industrial, pero ya no puede trabajar debido a las lesiones permanentes que le quedaron en rodillas y hombros.<\/p>\n","protected":false},"excerpt":{"rendered":"<p>Juan Arcos Xalapa, Ver.- El motociclista Luis Antonio Viveros Lara, originario del municipio de Emiliano Zapata, fue arrollado por un autob\u00fas de la l\u00ednea TRS, el 3 de noviembre de 2020, tiene secuelas y hasta la fecha no ha sido indemnizado. El joven de 29 a\u00f1os fue embestido por el conductor de dicha unidad cuando [&hellip;]<\/p>\n","protected":false},"author":1,"featured_media":23704,"comment_status":"open","ping_status":"open","sticky":false,"template":"","format":"standard","meta":{"_jetpack_memberships_contains_paid_content":false,"footnotes":""},"categories":[3],"tags":[],"class_list":["post-23703","post","type-post","status-publish","format-standard","has-post-thumbnail","hentry","category-xalapa"],"jetpack_featured_media_url":"https:\/\/encuentroinformativo.com.mx\/wp-content\/uploads\/2022\/02\/57493A21-2944-47D3-A337-C786932C45C6.jpeg","jetpack_sharing_enabled":true,"jetpack_likes_enabled":true,"amp_enabled":true,"_links":{"self":[{"href":"https:\/\/encuentroinformativo.com.mx\/index.php?rest_route=\/wp\/v2\/posts\/23703","targetHints":{"allow":["GET"]}}],"collection":[{"href":"https:\/\/encuentroinformativo.com.mx\/index.php?rest_route=\/wp\/v2\/posts"}],"about":[{"href":"https:\/\/encuentroinformativo.com.mx\/index.php?rest_route=\/wp\/v2\/types\/post"}],"author":[{"embeddable":true,"href":"https:\/\/encuentroinformativo.com.mx\/index.php?rest_route=\/wp\/v2\/users\/1"}],"replies":[{"embeddable":true,"href":"https:\/\/encuentroinformativo.com.mx\/index.php?rest_route=%2Fwp%2Fv2%2Fcomments&post=23703"}],"version-history":[{"count":1,"href":"https:\/\/encuentroinformativo.com.mx\/index.php?rest_route=\/wp\/v2\/posts\/23703\/revisions"}],"predecessor-version":[{"id":23705,"href":"https:\/\/encuentroinformativo.com.mx\/index.php?rest_route=\/wp\/v2\/posts\/23703\/revisions\/23705"}],"wp:featuredmedia":[{"embeddable":true,"href":"https:\/\/encuentroinformativo.com.mx\/index.php?rest_route=\/wp\/v2\/media\/23704"}],"wp:attachment":[{"href":"https:\/\/encuentroinformativo.com.mx\/index.php?rest_route=%2Fwp%2Fv2%2Fmedia&parent=23703"}],"wp:term":[{"taxonomy":"category","embeddable":true,"href":"https:\/\/encuentroinformativo.com.mx\/index.php?rest_route=%2Fwp%2Fv2%2Fcategories&post=23703"},{"taxonomy":"post_tag","embeddable":true,"href":"https:\/\/encuentroinformativo.com.mx\/index.php?rest_route=%2Fwp%2Fv2%2Ftags&post=23703"}],"curies":[{"name":"wp","href":"https:\/\/api.w.org\/{rel}","templated":true}]}}