{"id":23709,"date":"2022-02-18T16:36:21","date_gmt":"2022-02-18T22:36:21","guid":{"rendered":"https:\/\/encuentroinformativo.com.mx\/?p=23709"},"modified":"2022-02-18T16:36:25","modified_gmt":"2022-02-18T22:36:25","slug":"buscara-empoderar-a-la-mujer-rural-en-nivel-academico","status":"publish","type":"post","link":"https:\/\/encuentroinformativo.com.mx\/?p=23709","title":{"rendered":"Buscar\u00e1 empoderar a la mujer rural en nivel acad\u00e9mico"},"content":{"rendered":"\n<p><strong>Alejandro \u00c1vila<\/strong><\/p>\n\n\n\n<p>Veracruz, Ver.- A trav\u00e9s de una iniciativa presentada este viernes, la diputada local Anil\u00fa Ingram Vallines, buscar\u00e1 que se haga una reforma de ley, para que las ni\u00f1as y j\u00f3venes de las zonas rurales tengan asegurada su educaci\u00f3n acad\u00e9mica.<\/p>\n\n\n\n<p>De esta manera se buscara qu\u00e9 el gobierno del estado desarrolle y aplique pol\u00edticas p\u00fablicas, a fin de evitar la deserci\u00f3n escolar en las zonas con mayor grado de marginaci\u00f3n en la entidad, y garantizar as\u00ed la educaci\u00f3n b\u00e1sica y posiblemente superior, de ni\u00f1as y j\u00f3venes.<\/p>\n\n\n\n<p>La legisladora veracruzana mencion\u00f3 que, est\u00e1 iniciativa la propuso, gracias al apoyo de Diana Campos una peque\u00f1a de la zona rural, que en el pasado 24 de noviembre le solicito el apoyo para lograr empoderar a la mujer rural, y que esta acceda a la educaci\u00f3n en igualdad de condiciones.<\/p>\n\n\n\n<p>Se trata de una adici\u00f3n al cap\u00edtulo IX, sobre el acceso de la mujer rural a la educaci\u00f3n, que comprende el art\u00edculo 24, a la Ley para el Desarrollo, Equidad y Empoderamiento de la Mujer Rural Veracruzana.&nbsp;<\/p>\n\n\n\n<p>Para lo anterior se propone promover y difundir entre las mujeres sus derechos econ\u00f3micos, sociales, culturales, ambientales, civiles y pol\u00edticos por medio del sistema educativo de las comunidades.&nbsp;<\/p>\n\n\n\n<p>De la misma manera, Ingram Vallines acot\u00f3 que se deber\u00e1 instituir dentro del sistema educativo, una cultura de paz y no violencia por raz\u00f3n de g\u00e9nero contra la mujer; concientizar sobre el valor pluricultural e intercultural de las zonas rurales en el Estado e incluir la participaci\u00f3n activa de las mujeres j\u00f3venes y adultas en las actividades rurales para incidir en las mismas, as\u00ed como proponer estrategias innovadoras para el desarrollo integral de las comunidades rurales.&nbsp;<\/p>\n\n\n\n<p>\u201cHay tambi\u00e9n que crear programas que apoyen y fomenten la formaci\u00f3n acad\u00e9mica de las mujeres, j\u00f3venes y adultas, en la educaci\u00f3n t\u00e9cnica y profesional sobre las actividades del campo como: pr\u00e1cticas agr\u00edcolas sostenibles, producci\u00f3n agropecuaria y de acuacultura, salud animal, mejora de cr\u00edas, pr\u00e1cticas artesanales, con el prop\u00f3sito de poner fin a todas las formas de desigualdad social, educativa y econ\u00f3mica contra las mujeres en las zonas rurales\u201d, abund\u00f3.&nbsp;<\/p>\n","protected":false},"excerpt":{"rendered":"<p>Alejandro \u00c1vila Veracruz, Ver.- A trav\u00e9s de una iniciativa presentada este viernes, la diputada local Anil\u00fa Ingram Vallines, buscar\u00e1 que se haga una reforma de ley, para que las ni\u00f1as y j\u00f3venes de las zonas rurales tengan asegurada su educaci\u00f3n acad\u00e9mica. De esta manera se buscara qu\u00e9 el gobierno del estado desarrolle y aplique pol\u00edticas [&hellip;]<\/p>\n","protected":false},"author":1,"featured_media":23710,"comment_status":"open","ping_status":"open","sticky":false,"template":"","format":"standard","meta":{"_jetpack_memberships_contains_paid_content":false,"footnotes":""},"categories":[2],"tags":[],"class_list":["post-23709","post","type-post","status-publish","format-standard","has-post-thumbnail","hentry","category-estado"],"jetpack_featured_media_url":"https:\/\/encuentroinformativo.com.mx\/wp-content\/uploads\/2022\/02\/A279B118-719A-44A1-BA30-53C38124459B.jpeg","jetpack_sharing_enabled":true,"jetpack_likes_enabled":true,"amp_enabled":true,"_links":{"self":[{"href":"https:\/\/encuentroinformativo.com.mx\/index.php?rest_route=\/wp\/v2\/posts\/23709","targetHints":{"allow":["GET"]}}],"collection":[{"href":"https:\/\/encuentroinformativo.com.mx\/index.php?rest_route=\/wp\/v2\/posts"}],"about":[{"href":"https:\/\/encuentroinformativo.com.mx\/index.php?rest_route=\/wp\/v2\/types\/post"}],"author":[{"embeddable":true,"href":"https:\/\/encuentroinformativo.com.mx\/index.php?rest_route=\/wp\/v2\/users\/1"}],"replies":[{"embeddable":true,"href":"https:\/\/encuentroinformativo.com.mx\/index.php?rest_route=%2Fwp%2Fv2%2Fcomments&post=23709"}],"version-history":[{"count":1,"href":"https:\/\/encuentroinformativo.com.mx\/index.php?rest_route=\/wp\/v2\/posts\/23709\/revisions"}],"predecessor-version":[{"id":23711,"href":"https:\/\/encuentroinformativo.com.mx\/index.php?rest_route=\/wp\/v2\/posts\/23709\/revisions\/23711"}],"wp:featuredmedia":[{"embeddable":true,"href":"https:\/\/encuentroinformativo.com.mx\/index.php?rest_route=\/wp\/v2\/media\/23710"}],"wp:attachment":[{"href":"https:\/\/encuentroinformativo.com.mx\/index.php?rest_route=%2Fwp%2Fv2%2Fmedia&parent=23709"}],"wp:term":[{"taxonomy":"category","embeddable":true,"href":"https:\/\/encuentroinformativo.com.mx\/index.php?rest_route=%2Fwp%2Fv2%2Fcategories&post=23709"},{"taxonomy":"post_tag","embeddable":true,"href":"https:\/\/encuentroinformativo.com.mx\/index.php?rest_route=%2Fwp%2Fv2%2Ftags&post=23709"}],"curies":[{"name":"wp","href":"https:\/\/api.w.org\/{rel}","templated":true}]}}