{"id":23715,"date":"2022-02-18T17:02:31","date_gmt":"2022-02-18T23:02:31","guid":{"rendered":"https:\/\/encuentroinformativo.com.mx\/?p=23715"},"modified":"2022-02-18T17:02:33","modified_gmt":"2022-02-18T23:02:33","slug":"por-adeudos-trabajadores-de-caev-trabajan-bajo-protesta-en-poza-rica","status":"publish","type":"post","link":"https:\/\/encuentroinformativo.com.mx\/?p=23715","title":{"rendered":"Por adeudos, trabajadores de CAEV trabajan bajo protesta en Poza Rica"},"content":{"rendered":"\n<p><strong>Alejandro \u00c1vila<\/strong><\/p>\n\n\n\n<p>Poza Rica, Ver &#8211; Empleados de la Comisi\u00f3n del Agua del Estado de Veracruz (CAEV) delegaci\u00f3n Poza Rica, trabajan bajo protesta, debido a numerosos adeudos que mantiene la dependencia con m\u00e1s de 150 trabajadores.<\/p>\n\n\n\n<p>Agremiados del Sindicato de Empleados del Agua Potable de Poza Rica se\u00f1alaron que incluso deben llevar sus herramientas, pues la dependencia estatal carece de equipo adecuado para laborar.<\/p>\n\n\n\n<p>Los empleados estatales se\u00f1alaron que, laboran bajo protesta, aunque no cesan sus labores, debido a la que la ciudadan\u00eda merece contar con el servicio de agua; sin embargo, en caso de no encontrar una respuesta satisfactoria a la brevedad considerar\u00e1n el paro de labores.<\/p>\n\n\n\n<p>De la misma manera, solicitaron al delegado regional exija completar la herramienta necesaria para cumplir su trabajo de forma adecuada, pues con el equipo que se cuenta actualmente no se puede dar atennci\u00f3 correcta a los problemas que se tienen en la ciudad.<\/p>\n\n\n\n<figure class=\"wp-block-image size-large\"><img loading=\"lazy\" decoding=\"async\" width=\"1024\" height=\"910\" src=\"https:\/\/encuentroinformativo.com.mx\/wp-content\/uploads\/2022\/02\/C2307013-5565-4031-8FF4-C325EBFCA792-1024x910.jpeg\" alt=\"\" class=\"wp-image-23717\" srcset=\"https:\/\/encuentroinformativo.com.mx\/wp-content\/uploads\/2022\/02\/C2307013-5565-4031-8FF4-C325EBFCA792-1024x910.jpeg 1024w, https:\/\/encuentroinformativo.com.mx\/wp-content\/uploads\/2022\/02\/C2307013-5565-4031-8FF4-C325EBFCA792-300x267.jpeg 300w, https:\/\/encuentroinformativo.com.mx\/wp-content\/uploads\/2022\/02\/C2307013-5565-4031-8FF4-C325EBFCA792-768x683.jpeg 768w, https:\/\/encuentroinformativo.com.mx\/wp-content\/uploads\/2022\/02\/C2307013-5565-4031-8FF4-C325EBFCA792.jpeg 1125w\" sizes=\"auto, (max-width: 1024px) 100vw, 1024px\" \/><\/figure>\n","protected":false},"excerpt":{"rendered":"<p>Alejandro \u00c1vila Poza Rica, Ver &#8211; Empleados de la Comisi\u00f3n del Agua del Estado de Veracruz (CAEV) delegaci\u00f3n Poza Rica, trabajan bajo protesta, debido a numerosos adeudos que mantiene la dependencia con m\u00e1s de 150 trabajadores. Agremiados del Sindicato de Empleados del Agua Potable de Poza Rica se\u00f1alaron que incluso deben llevar sus herramientas, pues [&hellip;]<\/p>\n","protected":false},"author":1,"featured_media":23716,"comment_status":"open","ping_status":"open","sticky":false,"template":"","format":"standard","meta":{"_jetpack_memberships_contains_paid_content":false,"footnotes":""},"categories":[2],"tags":[],"class_list":["post-23715","post","type-post","status-publish","format-standard","has-post-thumbnail","hentry","category-estado"],"jetpack_featured_media_url":"https:\/\/encuentroinformativo.com.mx\/wp-content\/uploads\/2022\/02\/781F11D2-4EAC-4699-9AF9-E8DB68C57E05.jpeg","jetpack_sharing_enabled":true,"jetpack_likes_enabled":true,"amp_enabled":true,"_links":{"self":[{"href":"https:\/\/encuentroinformativo.com.mx\/index.php?rest_route=\/wp\/v2\/posts\/23715","targetHints":{"allow":["GET"]}}],"collection":[{"href":"https:\/\/encuentroinformativo.com.mx\/index.php?rest_route=\/wp\/v2\/posts"}],"about":[{"href":"https:\/\/encuentroinformativo.com.mx\/index.php?rest_route=\/wp\/v2\/types\/post"}],"author":[{"embeddable":true,"href":"https:\/\/encuentroinformativo.com.mx\/index.php?rest_route=\/wp\/v2\/users\/1"}],"replies":[{"embeddable":true,"href":"https:\/\/encuentroinformativo.com.mx\/index.php?rest_route=%2Fwp%2Fv2%2Fcomments&post=23715"}],"version-history":[{"count":1,"href":"https:\/\/encuentroinformativo.com.mx\/index.php?rest_route=\/wp\/v2\/posts\/23715\/revisions"}],"predecessor-version":[{"id":23718,"href":"https:\/\/encuentroinformativo.com.mx\/index.php?rest_route=\/wp\/v2\/posts\/23715\/revisions\/23718"}],"wp:featuredmedia":[{"embeddable":true,"href":"https:\/\/encuentroinformativo.com.mx\/index.php?rest_route=\/wp\/v2\/media\/23716"}],"wp:attachment":[{"href":"https:\/\/encuentroinformativo.com.mx\/index.php?rest_route=%2Fwp%2Fv2%2Fmedia&parent=23715"}],"wp:term":[{"taxonomy":"category","embeddable":true,"href":"https:\/\/encuentroinformativo.com.mx\/index.php?rest_route=%2Fwp%2Fv2%2Fcategories&post=23715"},{"taxonomy":"post_tag","embeddable":true,"href":"https:\/\/encuentroinformativo.com.mx\/index.php?rest_route=%2Fwp%2Fv2%2Ftags&post=23715"}],"curies":[{"name":"wp","href":"https:\/\/api.w.org\/{rel}","templated":true}]}}