{"id":23722,"date":"2022-02-19T12:12:07","date_gmt":"2022-02-19T18:12:07","guid":{"rendered":"https:\/\/encuentroinformativo.com.mx\/?p=23722"},"modified":"2022-02-19T12:12:11","modified_gmt":"2022-02-19T18:12:11","slug":"ayuntamiento-de-alvarado-retira-apoyo-a-bomberos","status":"publish","type":"post","link":"https:\/\/encuentroinformativo.com.mx\/?p=23722","title":{"rendered":"Ayuntamiento de Alvarado retira apoyo a Bomberos"},"content":{"rendered":"\n<p><strong>Alejandro \u00c1vila<\/strong><\/p>\n\n\n\n<p>Alvarado, Ver.- El Heroico Cuerpo de Bomberos de Alvarado se\u00f1al\u00f3 que desde principios de a\u00f1o la actual administraci\u00f3n les neg\u00f3 todo recurso de apoyo; incluso se quedaron sin los sueldos que percib\u00edan, aunado a ello, les fue retirada una camioneta, recursos de papeler\u00eda, as\u00ed como gasolina.<\/p>\n\n\n\n<p>Antonio Tiburcio, Segundo Comandante de Bomberos de Alvarado, mencion\u00f3 que la alcaldesa Lizzette \u00c1lvarez Vera, no les ha dado explicaci\u00f3n alguna sobre la situaci\u00f3n, al tiempo que se ha negado a sostener una reuni\u00f3n para tratar de solucionar el problema, qu\u00e9 no solo afecta al personal en su desempe\u00f1o, sino a toda la ciudadan\u00eda.<\/p>\n\n\n\n<p>&#8220;Somos 7 bomberos (\u2026) bueno, ahorita aqu\u00ed en Alvarado por esta temporada invernal, estamos prestando a la semana tres servicios. Pero cuando se viene la temporada de estiaje, que est\u00e1 a la vuelta de la esquina, estamos prestando a la semana 15 servicios (\u2026) s\u00ed, una unidad que tenemos asignada por parte de la Secretar\u00eda de Protecci\u00f3n Civil, es la \u00fanica que tenemos en funciones&#8221;, apunt\u00f3.<\/p>\n\n\n\n<p>El Heroico Cuerpo de Bomberos de Alvarado fue fundado en 1964, y a partir de 1982 comenz\u00f3 a recibir apoyo del Ayuntamiento; sin embargo, a partir de la actual administraci\u00f3n, se detuvieron los recursos asignados a ellos.<\/p>\n\n\n\n<p>Antonio Tiburcio expuso que, en caso de no llegar a un acuerdo con la alcaldesa Lizzette \u00c1lvarez Vera, tendr\u00e1n que buscar apoyo con la iniciativa privada, e incluso, &#8220;botear&#8221; en las calles de Alvarado, para poder continuar con su labor de atenci\u00f3n en siniestros y accidentes.<\/p>\n\n\n\n<p>&#8220;Nos estaban dando a la quincena, los Ayuntamientos anteriores 2 900 pesos (\u2026) nos hace falta herramienta, por lo regular el equipo que tenemos en funciones, equipo de protecci\u00f3n personal, equipo de respiraci\u00f3n, todo es donado, todo ha sido donado por diferentes Cuerpos de Bomberos de Veracruz, inclusive por los Bomberos del Aeropuerto &#8216;Heriberto Jara Corona&#8217;, equipos que ya est\u00e1n trabajados, no son equipos nuevos&#8221;, agreg\u00f3.<\/p>\n\n\n\n<p>Finalmente, el Segundo Comandante del Cuerpo de Bomberos de Alvarado mencion\u00f3 que, la unidad que ten\u00edan asignada para la atenci\u00f3n de enjambres de abejas, fugas de gas y rescate de animales peligrosos, les fue retirada por el Ayuntamiento.<\/p>\n\n\n\n<p>&#8220;Esa unidad nos fue retirada por parte del Ayuntamiento, el cual ya ten\u00edamos cerca de 9 a\u00f1os con ella, fue otorgada por el Cabildo de la administraci\u00f3n del 2013, y ahorita a inicios de este a\u00f1o nos fue retirada por la actual administraci\u00f3n&#8221;, culmin\u00f3.<\/p>\n","protected":false},"excerpt":{"rendered":"<p>Alejandro \u00c1vila Alvarado, Ver.- El Heroico Cuerpo de Bomberos de Alvarado se\u00f1al\u00f3 que desde principios de a\u00f1o la actual administraci\u00f3n les neg\u00f3 todo recurso de apoyo; incluso se quedaron sin los sueldos que percib\u00edan, aunado a ello, les fue retirada una camioneta, recursos de papeler\u00eda, as\u00ed como gasolina. Antonio Tiburcio, Segundo Comandante de Bomberos de [&hellip;]<\/p>\n","protected":false},"author":1,"featured_media":23723,"comment_status":"open","ping_status":"open","sticky":false,"template":"","format":"standard","meta":{"_jetpack_memberships_contains_paid_content":false,"footnotes":""},"categories":[2],"tags":[],"class_list":["post-23722","post","type-post","status-publish","format-standard","has-post-thumbnail","hentry","category-estado"],"jetpack_featured_media_url":"https:\/\/encuentroinformativo.com.mx\/wp-content\/uploads\/2022\/02\/0D9783EC-B616-40F2-A477-B7BB62E05CBC.jpeg","jetpack_sharing_enabled":true,"jetpack_likes_enabled":true,"amp_enabled":true,"_links":{"self":[{"href":"https:\/\/encuentroinformativo.com.mx\/index.php?rest_route=\/wp\/v2\/posts\/23722","targetHints":{"allow":["GET"]}}],"collection":[{"href":"https:\/\/encuentroinformativo.com.mx\/index.php?rest_route=\/wp\/v2\/posts"}],"about":[{"href":"https:\/\/encuentroinformativo.com.mx\/index.php?rest_route=\/wp\/v2\/types\/post"}],"author":[{"embeddable":true,"href":"https:\/\/encuentroinformativo.com.mx\/index.php?rest_route=\/wp\/v2\/users\/1"}],"replies":[{"embeddable":true,"href":"https:\/\/encuentroinformativo.com.mx\/index.php?rest_route=%2Fwp%2Fv2%2Fcomments&post=23722"}],"version-history":[{"count":1,"href":"https:\/\/encuentroinformativo.com.mx\/index.php?rest_route=\/wp\/v2\/posts\/23722\/revisions"}],"predecessor-version":[{"id":23724,"href":"https:\/\/encuentroinformativo.com.mx\/index.php?rest_route=\/wp\/v2\/posts\/23722\/revisions\/23724"}],"wp:featuredmedia":[{"embeddable":true,"href":"https:\/\/encuentroinformativo.com.mx\/index.php?rest_route=\/wp\/v2\/media\/23723"}],"wp:attachment":[{"href":"https:\/\/encuentroinformativo.com.mx\/index.php?rest_route=%2Fwp%2Fv2%2Fmedia&parent=23722"}],"wp:term":[{"taxonomy":"category","embeddable":true,"href":"https:\/\/encuentroinformativo.com.mx\/index.php?rest_route=%2Fwp%2Fv2%2Fcategories&post=23722"},{"taxonomy":"post_tag","embeddable":true,"href":"https:\/\/encuentroinformativo.com.mx\/index.php?rest_route=%2Fwp%2Fv2%2Ftags&post=23722"}],"curies":[{"name":"wp","href":"https:\/\/api.w.org\/{rel}","templated":true}]}}