{"id":23728,"date":"2022-02-19T13:15:28","date_gmt":"2022-02-19T19:15:28","guid":{"rendered":"https:\/\/encuentroinformativo.com.mx\/?p=23728"},"modified":"2022-02-19T13:15:34","modified_gmt":"2022-02-19T19:15:34","slug":"celebran-aniversario-del-ejercito","status":"publish","type":"post","link":"https:\/\/encuentroinformativo.com.mx\/?p=23728","title":{"rendered":"Celebran aniversario del Ej\u00e9rcito"},"content":{"rendered":"\n<p>Emiliano Zapata, Ver.- Este s\u00e1bado se celebr\u00f3 en las instalaciones del Batall\u00f3n de la 26 Zona Milita, el 109 aniversario de la creaci\u00f3n del Ej\u00e9rcito Mexicano, el general de brigada Del Estado Mayor, Jos\u00e9 Francisco Camarena Hern\u00e1ndez dijo que M\u00e9xico est\u00e1 orgulloso del avance, profesionalizaci\u00f3n y modernidad de sus soldados y que sin dudarlo est\u00e1n dispuestos a dar la vida por nuestro pa\u00eds.<\/p>\n\n\n\n<figure class=\"wp-block-image size-large\"><img loading=\"lazy\" decoding=\"async\" width=\"1024\" height=\"683\" src=\"https:\/\/encuentroinformativo.com.mx\/wp-content\/uploads\/2022\/02\/7ADFBB05-D5CA-4A4A-8FCE-32400950FE33-1024x683.jpeg\" alt=\"\" class=\"wp-image-23730\" srcset=\"https:\/\/encuentroinformativo.com.mx\/wp-content\/uploads\/2022\/02\/7ADFBB05-D5CA-4A4A-8FCE-32400950FE33-1024x683.jpeg 1024w, https:\/\/encuentroinformativo.com.mx\/wp-content\/uploads\/2022\/02\/7ADFBB05-D5CA-4A4A-8FCE-32400950FE33-300x200.jpeg 300w, https:\/\/encuentroinformativo.com.mx\/wp-content\/uploads\/2022\/02\/7ADFBB05-D5CA-4A4A-8FCE-32400950FE33-768x512.jpeg 768w, https:\/\/encuentroinformativo.com.mx\/wp-content\/uploads\/2022\/02\/7ADFBB05-D5CA-4A4A-8FCE-32400950FE33-1536x1024.jpeg 1536w, https:\/\/encuentroinformativo.com.mx\/wp-content\/uploads\/2022\/02\/7ADFBB05-D5CA-4A4A-8FCE-32400950FE33.jpeg 1600w\" sizes=\"auto, (max-width: 1024px) 100vw, 1024px\" \/><\/figure>\n\n\n\n<figure class=\"wp-block-image size-large\"><img loading=\"lazy\" decoding=\"async\" width=\"1024\" height=\"683\" src=\"https:\/\/encuentroinformativo.com.mx\/wp-content\/uploads\/2022\/02\/4EFC9E4D-A3F8-4CA7-BDAB-E9E2CCB5CCC0-1024x683.jpeg\" alt=\"\" class=\"wp-image-23731\" srcset=\"https:\/\/encuentroinformativo.com.mx\/wp-content\/uploads\/2022\/02\/4EFC9E4D-A3F8-4CA7-BDAB-E9E2CCB5CCC0-1024x683.jpeg 1024w, https:\/\/encuentroinformativo.com.mx\/wp-content\/uploads\/2022\/02\/4EFC9E4D-A3F8-4CA7-BDAB-E9E2CCB5CCC0-300x200.jpeg 300w, https:\/\/encuentroinformativo.com.mx\/wp-content\/uploads\/2022\/02\/4EFC9E4D-A3F8-4CA7-BDAB-E9E2CCB5CCC0-768x512.jpeg 768w, https:\/\/encuentroinformativo.com.mx\/wp-content\/uploads\/2022\/02\/4EFC9E4D-A3F8-4CA7-BDAB-E9E2CCB5CCC0-1536x1024.jpeg 1536w, https:\/\/encuentroinformativo.com.mx\/wp-content\/uploads\/2022\/02\/4EFC9E4D-A3F8-4CA7-BDAB-E9E2CCB5CCC0.jpeg 1600w\" sizes=\"auto, (max-width: 1024px) 100vw, 1024px\" \/><\/figure>\n","protected":false},"excerpt":{"rendered":"<p>Emiliano Zapata, Ver.- Este s\u00e1bado se celebr\u00f3 en las instalaciones del Batall\u00f3n de la 26 Zona Milita, el 109 aniversario de la creaci\u00f3n del Ej\u00e9rcito Mexicano, el general de brigada Del Estado Mayor, Jos\u00e9 Francisco Camarena Hern\u00e1ndez dijo que M\u00e9xico est\u00e1 orgulloso del avance, profesionalizaci\u00f3n y modernidad de sus soldados y que sin dudarlo est\u00e1n [&hellip;]<\/p>\n","protected":false},"author":1,"featured_media":23729,"comment_status":"open","ping_status":"open","sticky":false,"template":"","format":"standard","meta":{"_jetpack_memberships_contains_paid_content":false,"footnotes":""},"categories":[8],"tags":[],"class_list":["post-23728","post","type-post","status-publish","format-standard","has-post-thumbnail","hentry","category-region"],"jetpack_featured_media_url":"https:\/\/encuentroinformativo.com.mx\/wp-content\/uploads\/2022\/02\/8B2844F5-BA6F-4C9D-AE59-EBC557809FFB.jpeg","jetpack_sharing_enabled":true,"jetpack_likes_enabled":true,"amp_enabled":true,"_links":{"self":[{"href":"https:\/\/encuentroinformativo.com.mx\/index.php?rest_route=\/wp\/v2\/posts\/23728","targetHints":{"allow":["GET"]}}],"collection":[{"href":"https:\/\/encuentroinformativo.com.mx\/index.php?rest_route=\/wp\/v2\/posts"}],"about":[{"href":"https:\/\/encuentroinformativo.com.mx\/index.php?rest_route=\/wp\/v2\/types\/post"}],"author":[{"embeddable":true,"href":"https:\/\/encuentroinformativo.com.mx\/index.php?rest_route=\/wp\/v2\/users\/1"}],"replies":[{"embeddable":true,"href":"https:\/\/encuentroinformativo.com.mx\/index.php?rest_route=%2Fwp%2Fv2%2Fcomments&post=23728"}],"version-history":[{"count":1,"href":"https:\/\/encuentroinformativo.com.mx\/index.php?rest_route=\/wp\/v2\/posts\/23728\/revisions"}],"predecessor-version":[{"id":23732,"href":"https:\/\/encuentroinformativo.com.mx\/index.php?rest_route=\/wp\/v2\/posts\/23728\/revisions\/23732"}],"wp:featuredmedia":[{"embeddable":true,"href":"https:\/\/encuentroinformativo.com.mx\/index.php?rest_route=\/wp\/v2\/media\/23729"}],"wp:attachment":[{"href":"https:\/\/encuentroinformativo.com.mx\/index.php?rest_route=%2Fwp%2Fv2%2Fmedia&parent=23728"}],"wp:term":[{"taxonomy":"category","embeddable":true,"href":"https:\/\/encuentroinformativo.com.mx\/index.php?rest_route=%2Fwp%2Fv2%2Fcategories&post=23728"},{"taxonomy":"post_tag","embeddable":true,"href":"https:\/\/encuentroinformativo.com.mx\/index.php?rest_route=%2Fwp%2Fv2%2Ftags&post=23728"}],"curies":[{"name":"wp","href":"https:\/\/api.w.org\/{rel}","templated":true}]}}