{"id":23733,"date":"2022-02-19T13:20:37","date_gmt":"2022-02-19T19:20:37","guid":{"rendered":"https:\/\/encuentroinformativo.com.mx\/?p=23733"},"modified":"2022-02-19T13:20:48","modified_gmt":"2022-02-19T19:20:48","slug":"nodal-belinda-y-loret","status":"publish","type":"post","link":"https:\/\/encuentroinformativo.com.mx\/?p=23733","title":{"rendered":"Nodal, Belinda y Loret"},"content":{"rendered":"\n<p><strong>N\u00fameros Rojos<\/strong><br><br><strong>Brenda Caballero<\/strong><\/p>\n\n\n\n<p>\u00bfCu\u00e1nto ganar\u00e1 Cristian Nodal? Fue la primera pregunta que me hice al saber que hab\u00eda regalado un anillo de compromiso a Belinda de 3 millones de d\u00f3lares. Sin querer me enter\u00e9 de su rompimiento por ser chisme nacional y porque la siguiente pregunta fue si Belinda se quedar\u00eda con el anillo o lo devolver\u00eda, generando as\u00ed la incertidumbre de si ten\u00eda o no que pagar impuestos al SAT por la supuesta donaci\u00f3n del mismo.<\/p>\n\n\n\n<p>La misma pregunta se hizo el Presidente Andr\u00e9s Manuel L\u00f3pez Obrador en su ma\u00f1anera, pero sobre el periodista Carlos Loret de Mola, donde exhibi\u00f3 supuestos ingresos anuales del periodista, informaci\u00f3n que comenta le proporcion\u00f3 &#8220;el pueblo&#8221;.<\/p>\n\n\n\n<p>En la misma diapositiva, el Presidente dio a conocer lo que \u00e9l gana al a\u00f1o, algo as\u00ed como 2 millones 11 mil pesos.<\/p>\n\n\n\n<p>No entrar\u00e9 en debate sobre si es venganza o no, ni en los dimes y diretes entre el Presidente y el periodista, porque sobre ello ya hemos le\u00eddo mucho esta semana, lo que ha creado una polaridad entre la sociedad m\u00e1s intrigada por los chismes pol\u00edticos y de espect\u00e1culos que por los problemas de seguridad, econ\u00f3micos y sociales en los que vivimos.<\/p>\n\n\n\n<p>Por lo que volver\u00e9 a preguntar: \u00bfCu\u00e1nto ganar\u00e1 Cristian Nodal? \u00bfCu\u00e1nto gan\u00f3 Loret de Mola? \u00bfCu\u00e1nto gan\u00f3 el Presidente?<\/p>\n\n\n\n<p>En el caso de Nodal y Loret, no podemos saberlo, ni preguntando al Instituto Nacional de Transparencia, Acceso a la Informaci\u00f3n y Protecci\u00f3n \u00a0de Datos Personales (INAI) como lo hizo el Presidente, instituci\u00f3n que por cierto sali\u00f3 a la palestra nacional cuando muchos ciudadanos ignoraban de su existencia o sus funciones, y no porque en el INAI no trabajen, sino porque nosotros como ciudadanos no tenemos la cultura de solicitar informaci\u00f3n a nuestras autoridades sobre el uso de recursos p\u00fablicos.<\/p>\n\n\n\n<p>Pero continuando con el tema de Nodal y Loret, aunque me muera de ganas por conocer el chisme de los ingresos del cantante o del periodista, nada m\u00e1s no es posible, porque en nuestro pa\u00eds la Constituci\u00f3n Mexicana dice en su art\u00edculo 6, fracci\u00f3n segunda: \u201c La informaci\u00f3n \u00a0que se refiere a la vida privada y los datos personales ser\u00e1 protegida en los t\u00e9rminos y con las excepciones que fijen las leyes\u201d; asimismo el art\u00edculo 16 de nuestra Carta Magna establece: \u201cToda persona tiene derecho a la protecci\u00f3n de sus datos personales, al acceso, rectificaci\u00f3n y cancelaci\u00f3n de los mismos, as\u00ed como a manifestar su oposici\u00f3n, en los t\u00e9rminos que fije la ley, la cual establecer\u00e1 los supuestos de excepci\u00f3n a los principios que rijan el tratamiento de datos, por razones de seguridad nacional, disposiciones de orden p\u00fablico, seguridad y salud p\u00fablicas o para proteger los derechos de terceros\u201d.<\/p>\n\n\n\n<p>Luego entonces, no puedo conocer cu\u00e1nto gana Nodal ni Loret porque son datos personales, \u00a1vaya! ni podr\u00eda saber si la factura del anillo de Belinda, sali\u00f3 a su nombre o al de Nodal, si ella no lo manifiesta o lo hace p\u00fablico.<\/p>\n\n\n\n<p>En el caso del sueldo del Presidente, \u00e9l lo hizo p\u00fablico, adem\u00e1s de que nosotros tambi\u00e9n podemos solicitar la informaci\u00f3n de cu\u00e1nto gana \u00e9l o cualquier funcionario, pues recibe ingresos del erario p\u00fablico y tiene que rendir cuentas de ello.<\/p>\n\n\n\n<p>\u00bfSe imagina si no existieran esos art\u00edculos constitucionales que protegen nuestra vida privada o la Ley General de Protecci\u00f3n de Datos Personales en Posesi\u00f3n de Sujetos Obligados? Definitivamente cualquier persona o instituci\u00f3n a nivel federal, estatal o municipal podr\u00eda revelar nuestra informaci\u00f3n personal y personas mal intencionadas hacer mal uso de \u00e9l, exponiendo nuestra integridad y seguridad.<\/p>\n\n\n\n<p>Ni modo, tendremos que quedarnos con la incertidumbre del anillo de Belinda.<\/p>\n\n\n\n<p>@NumerosRojos_BC<br><a href=\"mailto:caballero_brenda@hotmail.com\" target=\"_blank\" rel=\"noreferrer noopener\">caballero_brenda@hotmail.com<\/a><\/p>\n","protected":false},"excerpt":{"rendered":"<p>N\u00fameros Rojos Brenda Caballero \u00bfCu\u00e1nto ganar\u00e1 Cristian Nodal? Fue la primera pregunta que me hice al saber que hab\u00eda regalado un anillo de compromiso a Belinda de 3 millones de d\u00f3lares. Sin querer me enter\u00e9 de su rompimiento por ser chisme nacional y porque la siguiente pregunta fue si Belinda se quedar\u00eda con el anillo [&hellip;]<\/p>\n","protected":false},"author":1,"featured_media":387,"comment_status":"open","ping_status":"open","sticky":false,"template":"","format":"standard","meta":{"_jetpack_memberships_contains_paid_content":false,"footnotes":""},"categories":[11],"tags":[],"class_list":["post-23733","post","type-post","status-publish","format-standard","has-post-thumbnail","hentry","category-opinion"],"jetpack_featured_media_url":"https:\/\/encuentroinformativo.com.mx\/wp-content\/uploads\/2020\/03\/7CF8A22B-2764-47BE-8F7F-38FE9E5D6A2F.jpeg","jetpack_sharing_enabled":true,"jetpack_likes_enabled":true,"amp_enabled":true,"_links":{"self":[{"href":"https:\/\/encuentroinformativo.com.mx\/index.php?rest_route=\/wp\/v2\/posts\/23733","targetHints":{"allow":["GET"]}}],"collection":[{"href":"https:\/\/encuentroinformativo.com.mx\/index.php?rest_route=\/wp\/v2\/posts"}],"about":[{"href":"https:\/\/encuentroinformativo.com.mx\/index.php?rest_route=\/wp\/v2\/types\/post"}],"author":[{"embeddable":true,"href":"https:\/\/encuentroinformativo.com.mx\/index.php?rest_route=\/wp\/v2\/users\/1"}],"replies":[{"embeddable":true,"href":"https:\/\/encuentroinformativo.com.mx\/index.php?rest_route=%2Fwp%2Fv2%2Fcomments&post=23733"}],"version-history":[{"count":1,"href":"https:\/\/encuentroinformativo.com.mx\/index.php?rest_route=\/wp\/v2\/posts\/23733\/revisions"}],"predecessor-version":[{"id":23734,"href":"https:\/\/encuentroinformativo.com.mx\/index.php?rest_route=\/wp\/v2\/posts\/23733\/revisions\/23734"}],"wp:featuredmedia":[{"embeddable":true,"href":"https:\/\/encuentroinformativo.com.mx\/index.php?rest_route=\/wp\/v2\/media\/387"}],"wp:attachment":[{"href":"https:\/\/encuentroinformativo.com.mx\/index.php?rest_route=%2Fwp%2Fv2%2Fmedia&parent=23733"}],"wp:term":[{"taxonomy":"category","embeddable":true,"href":"https:\/\/encuentroinformativo.com.mx\/index.php?rest_route=%2Fwp%2Fv2%2Fcategories&post=23733"},{"taxonomy":"post_tag","embeddable":true,"href":"https:\/\/encuentroinformativo.com.mx\/index.php?rest_route=%2Fwp%2Fv2%2Ftags&post=23733"}],"curies":[{"name":"wp","href":"https:\/\/api.w.org\/{rel}","templated":true}]}}