{"id":23741,"date":"2022-02-19T20:52:34","date_gmt":"2022-02-20T02:52:34","guid":{"rendered":"https:\/\/encuentroinformativo.com.mx\/?p=23741"},"modified":"2022-02-19T20:52:37","modified_gmt":"2022-02-20T02:52:37","slug":"atacan-a-fuerza-civil-en-calle-de-tuxpan-un-elemento-muerto","status":"publish","type":"post","link":"https:\/\/encuentroinformativo.com.mx\/?p=23741","title":{"rendered":"Atacan a Fuerza Civil en calle de Tuxpan un elemento muerto"},"content":{"rendered":"\n<p><strong>Alejandro \u00c1vila<\/strong><\/p>\n\n\n\n<p>Tuxpan, Ver.- Un elemento de la Fuerza Civil fallecido y otro lesionado de gravedad, fue el saldo de un ataque armado en contra de una unidad de la mencionada corporaci\u00f3n, en las calles del municipio de Tuxpan.<\/p>\n\n\n\n<p>Los hechos se registraron la tarde de este s\u00e1bado en la colonia La Rivera, sobre la calle Virgilio Uribe casi esquina con el libramiento Adolfo L\u00f3pez Mateos; lugar que tras el incidente qued\u00f3 asegurado por elementos del Ej\u00e9rcito Nacional y Secretar\u00eda de Seguridad P\u00fablica (SSP).<\/p>\n\n\n\n<p>Los reportes se\u00f1alan qu\u00e9 varios elementos patrullaban sobre la unidad SP-3268, cu\u00e1ndo fueron sorprendidos por tres veh\u00edculos que los rafaguearon, encontrando al menos 100 casquillos percutidos en el lugar.<\/p>\n\n\n\n<p>Tras el ataque, Guardia Nacional, Polic\u00eda Municipal y compa\u00f1eros de la Fuerza Civil, as\u00ed como la Polic\u00eda Ministerial, acordonaron el \u00e1rea y realizaron las diligencias correspondientes, montando un operativo en todo el municipio.<\/p>\n\n\n\n<p>En las inmediaciones del ataque, se pudo constatar que diversos veh\u00edculos y la fachada de varios comercios quedaron con impactos de bala; el cuerpo del elemento fallecido, fue trasladado a las instalaciones del SEMEFO para la necropsia de ley.<\/p>\n","protected":false},"excerpt":{"rendered":"<p>Alejandro \u00c1vila Tuxpan, Ver.- Un elemento de la Fuerza Civil fallecido y otro lesionado de gravedad, fue el saldo de un ataque armado en contra de una unidad de la mencionada corporaci\u00f3n, en las calles del municipio de Tuxpan. Los hechos se registraron la tarde de este s\u00e1bado en la colonia La Rivera, sobre la [&hellip;]<\/p>\n","protected":false},"author":1,"featured_media":23742,"comment_status":"open","ping_status":"open","sticky":false,"template":"","format":"standard","meta":{"_jetpack_memberships_contains_paid_content":false,"footnotes":""},"categories":[14],"tags":[],"class_list":["post-23741","post","type-post","status-publish","format-standard","has-post-thumbnail","hentry","category-policiaca"],"jetpack_featured_media_url":"https:\/\/encuentroinformativo.com.mx\/wp-content\/uploads\/2022\/02\/BFA559B9-A21F-4FD9-A2C0-B416AE3395EC.jpeg","jetpack_sharing_enabled":true,"jetpack_likes_enabled":true,"amp_enabled":true,"_links":{"self":[{"href":"https:\/\/encuentroinformativo.com.mx\/index.php?rest_route=\/wp\/v2\/posts\/23741","targetHints":{"allow":["GET"]}}],"collection":[{"href":"https:\/\/encuentroinformativo.com.mx\/index.php?rest_route=\/wp\/v2\/posts"}],"about":[{"href":"https:\/\/encuentroinformativo.com.mx\/index.php?rest_route=\/wp\/v2\/types\/post"}],"author":[{"embeddable":true,"href":"https:\/\/encuentroinformativo.com.mx\/index.php?rest_route=\/wp\/v2\/users\/1"}],"replies":[{"embeddable":true,"href":"https:\/\/encuentroinformativo.com.mx\/index.php?rest_route=%2Fwp%2Fv2%2Fcomments&post=23741"}],"version-history":[{"count":1,"href":"https:\/\/encuentroinformativo.com.mx\/index.php?rest_route=\/wp\/v2\/posts\/23741\/revisions"}],"predecessor-version":[{"id":23743,"href":"https:\/\/encuentroinformativo.com.mx\/index.php?rest_route=\/wp\/v2\/posts\/23741\/revisions\/23743"}],"wp:featuredmedia":[{"embeddable":true,"href":"https:\/\/encuentroinformativo.com.mx\/index.php?rest_route=\/wp\/v2\/media\/23742"}],"wp:attachment":[{"href":"https:\/\/encuentroinformativo.com.mx\/index.php?rest_route=%2Fwp%2Fv2%2Fmedia&parent=23741"}],"wp:term":[{"taxonomy":"category","embeddable":true,"href":"https:\/\/encuentroinformativo.com.mx\/index.php?rest_route=%2Fwp%2Fv2%2Fcategories&post=23741"},{"taxonomy":"post_tag","embeddable":true,"href":"https:\/\/encuentroinformativo.com.mx\/index.php?rest_route=%2Fwp%2Fv2%2Ftags&post=23741"}],"curies":[{"name":"wp","href":"https:\/\/api.w.org\/{rel}","templated":true}]}}