{"id":23752,"date":"2022-02-20T15:57:51","date_gmt":"2022-02-20T21:57:51","guid":{"rendered":"https:\/\/encuentroinformativo.com.mx\/?p=23752"},"modified":"2022-02-20T15:57:54","modified_gmt":"2022-02-20T21:57:54","slug":"fallece-mujer-de-la-tercera-edad-atropellada-en-medellin-de-bravo","status":"publish","type":"post","link":"https:\/\/encuentroinformativo.com.mx\/?p=23752","title":{"rendered":"Fallece mujer de la tercera edad atropellada en Medell\u00edn de Bravo"},"content":{"rendered":"\n<p><strong>Alejandro \u00c1vila<\/strong><\/p>\n\n\n\n<p>Medell\u00edn de Bravo, Ver.- Una mujer de la tercera edad falleci\u00f3 tras ser atropellada por un motociclista en la cabecera municipal de Medell\u00edn de Bravo; se presume que la hoy occisa es familiar del alcalde Marcos Isle\u00f1o Andrade.<\/p>\n\n\n\n<p>Los hechos ocurrieron en la calle Miguel Hidalgo y Porfiri\u00f3 Diaz de la cabecera municipal; seg\u00fan testigos, la mujer de aproximadamente 80 a\u00f1os ven\u00eda bajando de un cami\u00f3n urbano, cuando fue atropellada por un motociclista que posteriormente se la fuga.<\/p>\n\n\n\n<p>Vecinos del lugar se\u00f1alaron que llamaron al tel\u00e9fono de emergencia 911, aunque se\u00f1alaron qu\u00e9 la ambulancia tardo aproximadamente una hora en llegar, al presentarse los param\u00e9dicos y ver el reclamo, mencionaron que la unidad m\u00e9dica municipal se encontraba dando atenci\u00f3n a otro servicio, por lo cual el veh\u00edculo que ellos abordaban tard\u00f3 en llegar, pues sali\u00f3 de un punto m\u00e1s lejano.<\/p>\n\n\n\n<p>Al lugar llegaron elementos de la Polic\u00eda Estatal, qui\u00e9nes fungieron como primeros respondientes y realizaron las investigaciones pertinentes, aunque hasta el momento no se ha podido dar con el infractor.<\/p>\n","protected":false},"excerpt":{"rendered":"<p>Alejandro \u00c1vila Medell\u00edn de Bravo, Ver.- Una mujer de la tercera edad falleci\u00f3 tras ser atropellada por un motociclista en la cabecera municipal de Medell\u00edn de Bravo; se presume que la hoy occisa es familiar del alcalde Marcos Isle\u00f1o Andrade. Los hechos ocurrieron en la calle Miguel Hidalgo y Porfiri\u00f3 Diaz de la cabecera municipal; [&hellip;]<\/p>\n","protected":false},"author":1,"featured_media":23753,"comment_status":"open","ping_status":"open","sticky":false,"template":"","format":"standard","meta":{"_jetpack_memberships_contains_paid_content":false,"footnotes":""},"categories":[14],"tags":[],"class_list":["post-23752","post","type-post","status-publish","format-standard","has-post-thumbnail","hentry","category-policiaca"],"jetpack_featured_media_url":"https:\/\/encuentroinformativo.com.mx\/wp-content\/uploads\/2022\/02\/FCC4BE05-D53B-4E48-8CCA-33D60BFCED39.jpeg","jetpack_sharing_enabled":true,"jetpack_likes_enabled":true,"amp_enabled":true,"_links":{"self":[{"href":"https:\/\/encuentroinformativo.com.mx\/index.php?rest_route=\/wp\/v2\/posts\/23752","targetHints":{"allow":["GET"]}}],"collection":[{"href":"https:\/\/encuentroinformativo.com.mx\/index.php?rest_route=\/wp\/v2\/posts"}],"about":[{"href":"https:\/\/encuentroinformativo.com.mx\/index.php?rest_route=\/wp\/v2\/types\/post"}],"author":[{"embeddable":true,"href":"https:\/\/encuentroinformativo.com.mx\/index.php?rest_route=\/wp\/v2\/users\/1"}],"replies":[{"embeddable":true,"href":"https:\/\/encuentroinformativo.com.mx\/index.php?rest_route=%2Fwp%2Fv2%2Fcomments&post=23752"}],"version-history":[{"count":1,"href":"https:\/\/encuentroinformativo.com.mx\/index.php?rest_route=\/wp\/v2\/posts\/23752\/revisions"}],"predecessor-version":[{"id":23754,"href":"https:\/\/encuentroinformativo.com.mx\/index.php?rest_route=\/wp\/v2\/posts\/23752\/revisions\/23754"}],"wp:featuredmedia":[{"embeddable":true,"href":"https:\/\/encuentroinformativo.com.mx\/index.php?rest_route=\/wp\/v2\/media\/23753"}],"wp:attachment":[{"href":"https:\/\/encuentroinformativo.com.mx\/index.php?rest_route=%2Fwp%2Fv2%2Fmedia&parent=23752"}],"wp:term":[{"taxonomy":"category","embeddable":true,"href":"https:\/\/encuentroinformativo.com.mx\/index.php?rest_route=%2Fwp%2Fv2%2Fcategories&post=23752"},{"taxonomy":"post_tag","embeddable":true,"href":"https:\/\/encuentroinformativo.com.mx\/index.php?rest_route=%2Fwp%2Fv2%2Ftags&post=23752"}],"curies":[{"name":"wp","href":"https:\/\/api.w.org\/{rel}","templated":true}]}}