{"id":2376,"date":"2020-05-06T14:26:39","date_gmt":"2020-05-06T19:26:39","guid":{"rendered":"https:\/\/encuentroinformativo.com\/?p=2376"},"modified":"2020-05-06T14:26:42","modified_gmt":"2020-05-06T19:26:42","slug":"diputados-buscan-evitar-revocacion-de-mandato-acusa-prd","status":"publish","type":"post","link":"https:\/\/encuentroinformativo.com.mx\/?p=2376","title":{"rendered":"Diputados buscan evitar revocaci\u00f3n de mandato, acusa PRD"},"content":{"rendered":"\n<p><strong>Juan Arcos<\/strong><\/p>\n\n\n\n<p>Xalapa, Ver.- El dirigente estatal del Partido de la Revoluci\u00f3n Democr\u00e1tica (PRD), Jes\u00fas Alberto Vel\u00e1zquez Flores, consider\u00f3 que los legisladores de Morena en el Congreso local buscan que no haya revocaci\u00f3n de mandato en Veracruz.<\/p>\n\n\n\n<p>Record\u00f3 que la iniciativa presentada el s\u00e1bado pasado en el Congreso del Estado por el grupo legislativo de Morena es enga\u00f1osa.<\/p>\n\n\n\n<p>\u201cA todas luces lleva una trampa en su redacci\u00f3n. Es una iniciativa que si bien es cierto aborda temas interesantes para la vida pol\u00edtica electoral del estado, tambi\u00e9n tienen temor de que le sea revocado el mandato al gobernador Cuitl\u00e1huac Garc\u00eda Jim\u00e9nez por la gran incompetencia que ha presentado para gobernar, no solamente \u00e9l sino todo el equipo que lo rodea\u201d.<\/p>\n\n\n\n<p>A su juicio, la iniciativa estipula que la renovaci\u00f3n de mandato no podr\u00e1 ser objeto de consulta popular.<\/p>\n\n\n\n<p>\u201cEsto es un claro mensaje de No a la revocaci\u00f3n de mandato, aun y cuando esto es el tema del que m\u00e1s presume el presidente Andr\u00e9s Manuel L\u00f3pez Obrador, pero en Veracruz\u201d.<\/p>\n\n\n\n<p>Coment\u00f3 que la reforma electoral propuesta por Morena, pretende garantizar que el Gobernador mantenga su cargo los seis a\u00f1os.<\/p>\n\n\n\n<p>\u201cMal debe estar su mentor el Presidente de la Rep\u00fablica, de ver c\u00f3mo su servil gobernador consentido, aun y cuando en la \u00faltima encuesta de gobernadores Garc\u00eda Jim\u00e9nez ocupa el honroso \u00faltimo lugar de entre los 32 gobernadores, es por ello que los Morenos no quieren perder lo que ahora tienen\u201d.<\/p>\n\n\n\n<p>Vel\u00e1zquez Flores opin\u00f3 que los legisladores de Morena atentan contra los principios de la Cuarta Transformaci\u00f3n, al proteger a personajes pol\u00edticos que no han dado resultados.<\/p>\n\n\n\n<p>\u201cEl gobierno ha demostrado ser totalmente ineficaz, corrupto, incompetente y por si esto fuera poco, se han desatado una serie de esc\u00e1ndalos al interior de esta administraci\u00f3n que ni en los peores tiempos se hab\u00edan visto en la entidad, desde un DIF Estatal desviando recursos hasta secretarios que tienen problemas legales y se ven obligados a dejar el cargo\u201d, culmin\u00f3.<br><\/p>\n","protected":false},"excerpt":{"rendered":"<p>Juan Arcos Xalapa, Ver.- El dirigente estatal del Partido de la Revoluci\u00f3n Democr\u00e1tica (PRD), Jes\u00fas Alberto Vel\u00e1zquez Flores, consider\u00f3 que los legisladores de Morena en el Congreso local buscan que no haya revocaci\u00f3n de mandato en Veracruz. Record\u00f3 que la iniciativa presentada el s\u00e1bado pasado en el Congreso del Estado por el grupo legislativo de [&hellip;]<\/p>\n","protected":false},"author":1,"featured_media":2377,"comment_status":"open","ping_status":"open","sticky":false,"template":"","format":"standard","meta":{"_jetpack_memberships_contains_paid_content":false,"footnotes":""},"categories":[2],"tags":[],"class_list":["post-2376","post","type-post","status-publish","format-standard","has-post-thumbnail","hentry","category-estado"],"jetpack_featured_media_url":"https:\/\/encuentroinformativo.com.mx\/wp-content\/uploads\/2020\/05\/4E6DCF9C-8801-4AA7-AEC0-52A01B9E22EB.jpeg","jetpack_sharing_enabled":true,"jetpack_likes_enabled":true,"amp_enabled":true,"_links":{"self":[{"href":"https:\/\/encuentroinformativo.com.mx\/index.php?rest_route=\/wp\/v2\/posts\/2376","targetHints":{"allow":["GET"]}}],"collection":[{"href":"https:\/\/encuentroinformativo.com.mx\/index.php?rest_route=\/wp\/v2\/posts"}],"about":[{"href":"https:\/\/encuentroinformativo.com.mx\/index.php?rest_route=\/wp\/v2\/types\/post"}],"author":[{"embeddable":true,"href":"https:\/\/encuentroinformativo.com.mx\/index.php?rest_route=\/wp\/v2\/users\/1"}],"replies":[{"embeddable":true,"href":"https:\/\/encuentroinformativo.com.mx\/index.php?rest_route=%2Fwp%2Fv2%2Fcomments&post=2376"}],"version-history":[{"count":1,"href":"https:\/\/encuentroinformativo.com.mx\/index.php?rest_route=\/wp\/v2\/posts\/2376\/revisions"}],"predecessor-version":[{"id":2378,"href":"https:\/\/encuentroinformativo.com.mx\/index.php?rest_route=\/wp\/v2\/posts\/2376\/revisions\/2378"}],"wp:featuredmedia":[{"embeddable":true,"href":"https:\/\/encuentroinformativo.com.mx\/index.php?rest_route=\/wp\/v2\/media\/2377"}],"wp:attachment":[{"href":"https:\/\/encuentroinformativo.com.mx\/index.php?rest_route=%2Fwp%2Fv2%2Fmedia&parent=2376"}],"wp:term":[{"taxonomy":"category","embeddable":true,"href":"https:\/\/encuentroinformativo.com.mx\/index.php?rest_route=%2Fwp%2Fv2%2Fcategories&post=2376"},{"taxonomy":"post_tag","embeddable":true,"href":"https:\/\/encuentroinformativo.com.mx\/index.php?rest_route=%2Fwp%2Fv2%2Ftags&post=2376"}],"curies":[{"name":"wp","href":"https:\/\/api.w.org\/{rel}","templated":true}]}}