{"id":23765,"date":"2022-02-21T09:02:19","date_gmt":"2022-02-21T15:02:19","guid":{"rendered":"https:\/\/encuentroinformativo.com.mx\/?p=23765"},"modified":"2022-02-21T09:02:21","modified_gmt":"2022-02-21T15:02:21","slug":"detras-de-la-iniciativa-de-anilu","status":"publish","type":"post","link":"https:\/\/encuentroinformativo.com.mx\/?p=23765","title":{"rendered":"Detr\u00e1s de la Iniciativa de Anil\u00fa"},"content":{"rendered":"\n<p><strong>N\u00fameros Rojos<\/strong><br><br><strong>Brenda Caballero<\/strong><\/p>\n\n\n\n<p>\u00a1Esa es mi iniciativa! \u00a1Me la robaron! He escuchado una y otra vez a m\u00e1s de una persona decirlo. En los Congresos locales, en los federales, esas historias se repiten una y otra vez a trav\u00e9s de los a\u00f1os. Por eso, llama mi atenci\u00f3n la declaraci\u00f3n que hace la diputada local Anil\u00fa Ingram Vallines sobre la Iniciativa que present\u00f3 el viernes pasado ante la diputaci\u00f3n permanente: \u201cAgradezco mucho la confianza que me otorga Diana Campos, y hoy en su nombre es que la present\u00e9 formalmente\u201d.<\/p>\n\n\n\n<p>\u00a1Vaya transparencia y honestidad de la diputada!<\/p>\n\n\n\n<p>Y \u00bfQui\u00e9n es Diana Campos Ram\u00edrez?<br>Naci\u00f3 en el Puerto de Veracruz, tiene 24 a\u00f1os e inici\u00f3 en la pol\u00edtica por accidente. Recuerda que ten\u00eda planeado hacer una maestr\u00eda en Buenos Aires, Argentina, en Relaciones Internacionales, para posteriormente irse a trabajar a la ONU o a la Corte Interamericana, pero en mayo la invitan a participar con un ensayo del empoderamiento de la mujer en cuestiones pol\u00edticas. Posterior a ello, fue tambi\u00e9n Secretaria del Consejo Juvenil del OPLE del distrito XI y XV, y la invitan de la Red Mundial de Pol\u00edticos Veracruz a participar como delegada Nacional de Derechos Humanos, eso la lleva a interactuar con otras organizaciones.<\/p>\n\n\n\n<p>Actualmente es diputada juvenil por el XVI Parlamento de la Juventud, ya que atendi\u00f3 la convocatoria que realiz\u00f3 en agosto pasado el Instituto Veracruzano de la Juventud.<\/p>\n\n\n\n<p>Tambi\u00e9n es diputada juvenil del XIV Parlamento de Nuevo Le\u00f3n y del Distrito XV de Veracruz II.<\/p>\n\n\n\n<p>Ha estado en otros estados, y se dedica a implementar iniciativas y promoverlas, indistintamente del partido pol\u00edtico, con el objetivo de generar una concientizaci\u00f3n en cuestiones de igualdad sustantiva y medio ambiente, desarrollo sostenible y cambio clim\u00e1tico.<\/p>\n\n\n\n<p>Diana se decidi\u00f3 por la Comisi\u00f3n de Igualdad de G\u00e9nero, se enfoca en la rama de Derecho Internacional P\u00fablico, as\u00ed como las normas y tratados internacionales y busca concientizar y fomentar una cultura de bienestar social.<\/p>\n\n\n\n<p>Empieza a inmiscuirse en el tema por los intercambios acad\u00e9micos en Sudam\u00e9rica cuando estudi\u00f3 en la Universidad Veracruzana; all\u00ed se interesa por el Derecho Comparado de Argentina, Colombia y Chile. En aquellos lares, m\u00e1s del 60 por ciento de las mujeres ocupa cargos &nbsp;administrativos relevantes; eso le motiv\u00f3 a traer esas pr\u00e1cticas a M\u00e9xico.<\/p>\n\n\n\n<p>Resalta a su maestro de Derechos Humanos, relator de Naciones Unidas, Fabi\u00e1n Salvioli, que le ayud\u00f3 mucho a interpretar la Ley y a subsanarla.<\/p>\n\n\n\n<p>Le gustar\u00eda ser Secretaria de Relaciones Exteriores y alg\u00fan d\u00eda llegar como embajadora representante de M\u00e9xico, ante la ONU.<\/p>\n\n\n\n<p>\u00bfDe qu\u00e9 trata la Iniciativa que pretende a la Ley para el Desarrollo, Equidad y Empoderamiento de la Mujer Rural Veracruzana?<\/p>\n\n\n\n<p>Debido a los estigmas sociales que radican en las zonas rurales, la mujer es vista como ama de casa y el estudio no es importante, por lo que la mejor manera de empoderar a la mujer es por las cuestiones acad\u00e9micas y educativas.<\/p>\n\n\n\n<p>Diana considera que para empoderar a las mujeres rurales es necesario adicionar el cap\u00edtulo noveno a la Ley para el Desarrollo de Equidad y Empoderamiento de la Mujer Rural Veracruzana, la cual tiene 8 cap\u00edtulos, de los cuales no hab\u00eda nada que hablara del acceso a la educaci\u00f3n. Ello implica al art\u00edculo 24, donde establece que el gobierno tiene que hacer programas y pol\u00edticas p\u00fablicas para fomentar una cultura de no violencia en las 19 mil 500 zonas rurales de Veracruz, de acuerdo con el Inegi en 2020. En esas zonas, las mujeres no conocen sus derechos civiles, pol\u00edticos, econ\u00f3micos, sociales, culturales y ambientales; incluso algunas de ellas no emiten el sufragio.<\/p>\n\n\n\n<p>Propone que a trav\u00e9s del sistema educativo en las comunidades rurales se implemente la capacitaci\u00f3n e informaci\u00f3n que difunda y promueva las cuestiones de derecho internacional p\u00fablico; asimismo, pretende que las escuelas tengan agua, que a las mujeres se proporcione la higiene menstrual, pues muchas veces no hay farmacias cerca; promover la cultura de no violencia, que se erradique el matrimonio o la esterilizaci\u00f3n forzada porque esos escenarios no solamente est\u00e1n en Chiapas, Oaxaca, Guerrero, tambi\u00e9n lo est\u00e1n en el estado de Veracruz, y que si bien, muchas veces son cuestiones culturales, poco a poco se pueden ir cambiando y derogando. Considera que en Veracruz es necesario avanzar en igualdad sustantiva.<\/p>\n\n\n\n<p>Propone que el gobierno eval\u00fae peri\u00f3dicamente el programa y las pol\u00edticas p\u00fablicas implementadas, as\u00ed como en los art\u00edculos transitorios pide que dentro de los 180 d\u00edas, se publique en la Gaceta Oficial del Estado las cuestiones orientadas al cap\u00edtulo noveno, art\u00edculo 24.<\/p>\n\n\n\n<p>Diana considera que no solamente se trata de igualdad y equidad, sino de fomentar una cultura &nbsp;de bienestar social, englobar un todo, porque si las mujeres padecen, no puede haber paz ni bienestar en el estado. Tiene que haber un equilibrio, dentro del cual deben de estar los grupos vulnerables en el estado y a nivel nacional.<\/p>\n\n\n\n<p>\u00bfPor qu\u00e9 darle su primera iniciativa a Anil\u00fa?<br>Cuando ten\u00eda 14 a\u00f1os, recuerda a Anil\u00fa como la Presidenta de la Mesa Directiva en el Congreso del Estado. Vio su \u00edmpetu de apoyo a todas las mujeres veracruzanas, y sus puertas abiertas; esa fue la raz\u00f3n por la que confi\u00f3 su primera iniciativa. Afirma que ha recibido mucho apoyo y consejos de la diputada al ser primeriza en la realizaci\u00f3n de iniciativas.<\/p>\n\n\n\n<p>Confiesa que Ingram Vallines le ha aconsejado en temas legislativos por lo que ya tiene otras iniciativas en puerta.<br>\u2013\u00bfQu\u00e9 le dice Diana a las y j\u00f3venes veracruzanos?<\/p>\n\n\n\n<p>En la Pol\u00edtica y en la Administraci\u00f3n P\u00fablica se dice que los j\u00f3venes somos el futuro, en s\u00ed, \u201clos j\u00f3venes somos el presente\u201d; invita a las y los j\u00f3venes que si conocen alguna situaci\u00f3n que est\u00e9 pasando en su distrito o municipio, se acerquen y redacten iniciativas, \u201cas\u00ed como yo lo puedo hacer, cualquier otro joven puede; no necesitas gran ingenio para hacerlo, hay otros temas como medio ambiente, que lo primero que se necesita es crear conciencia sobre la situaci\u00f3n actual en que vivimos&#8221;.<\/p>\n\n\n\n<p>Muchas veces los asesores de los diputados te dicen que &#8220;no pasa, que est\u00e1 mal tu iniciativa\u201d y los chavos y chavas se deprimen y dejan de hacerlo. Es importante que conozcan las Comisiones y si les rechazan sus iniciativas, sepan c\u00f3mo subsanarlo. Cualquier persona puede hacer una iniciativa, desde luego que no es f\u00e1cil, pero con conocimiento, indicaciones y orientaci\u00f3n, se puede.<br>&#8220;Si queremos tener un mejor futuro para nuestros hijos, tenemos que tomar cartas en el asunto&#8221;.<\/p>\n\n\n\n<p>@NumerosRojos_BC<br><a href=\"mailto:caballero_brenda@hotmail.com\" target=\"_blank\" rel=\"noreferrer noopener\">caballero_brenda@hotmail.com<\/a><\/p>\n","protected":false},"excerpt":{"rendered":"<p>N\u00fameros Rojos Brenda Caballero \u00a1Esa es mi iniciativa! \u00a1Me la robaron! He escuchado una y otra vez a m\u00e1s de una persona decirlo. En los Congresos locales, en los federales, esas historias se repiten una y otra vez a trav\u00e9s de los a\u00f1os. Por eso, llama mi atenci\u00f3n la declaraci\u00f3n que hace la diputada local [&hellip;]<\/p>\n","protected":false},"author":1,"featured_media":387,"comment_status":"open","ping_status":"open","sticky":false,"template":"","format":"standard","meta":{"_jetpack_memberships_contains_paid_content":false,"footnotes":""},"categories":[11],"tags":[],"class_list":["post-23765","post","type-post","status-publish","format-standard","has-post-thumbnail","hentry","category-opinion"],"jetpack_featured_media_url":"https:\/\/encuentroinformativo.com.mx\/wp-content\/uploads\/2020\/03\/7CF8A22B-2764-47BE-8F7F-38FE9E5D6A2F.jpeg","jetpack_sharing_enabled":true,"jetpack_likes_enabled":true,"amp_enabled":true,"_links":{"self":[{"href":"https:\/\/encuentroinformativo.com.mx\/index.php?rest_route=\/wp\/v2\/posts\/23765","targetHints":{"allow":["GET"]}}],"collection":[{"href":"https:\/\/encuentroinformativo.com.mx\/index.php?rest_route=\/wp\/v2\/posts"}],"about":[{"href":"https:\/\/encuentroinformativo.com.mx\/index.php?rest_route=\/wp\/v2\/types\/post"}],"author":[{"embeddable":true,"href":"https:\/\/encuentroinformativo.com.mx\/index.php?rest_route=\/wp\/v2\/users\/1"}],"replies":[{"embeddable":true,"href":"https:\/\/encuentroinformativo.com.mx\/index.php?rest_route=%2Fwp%2Fv2%2Fcomments&post=23765"}],"version-history":[{"count":1,"href":"https:\/\/encuentroinformativo.com.mx\/index.php?rest_route=\/wp\/v2\/posts\/23765\/revisions"}],"predecessor-version":[{"id":23766,"href":"https:\/\/encuentroinformativo.com.mx\/index.php?rest_route=\/wp\/v2\/posts\/23765\/revisions\/23766"}],"wp:featuredmedia":[{"embeddable":true,"href":"https:\/\/encuentroinformativo.com.mx\/index.php?rest_route=\/wp\/v2\/media\/387"}],"wp:attachment":[{"href":"https:\/\/encuentroinformativo.com.mx\/index.php?rest_route=%2Fwp%2Fv2%2Fmedia&parent=23765"}],"wp:term":[{"taxonomy":"category","embeddable":true,"href":"https:\/\/encuentroinformativo.com.mx\/index.php?rest_route=%2Fwp%2Fv2%2Fcategories&post=23765"},{"taxonomy":"post_tag","embeddable":true,"href":"https:\/\/encuentroinformativo.com.mx\/index.php?rest_route=%2Fwp%2Fv2%2Ftags&post=23765"}],"curies":[{"name":"wp","href":"https:\/\/api.w.org\/{rel}","templated":true}]}}