{"id":23777,"date":"2022-02-21T12:40:00","date_gmt":"2022-02-21T18:40:00","guid":{"rendered":"https:\/\/encuentroinformativo.com.mx\/?p=23777"},"modified":"2022-02-21T12:40:04","modified_gmt":"2022-02-21T18:40:04","slug":"lucha-de-mantas","status":"publish","type":"post","link":"https:\/\/encuentroinformativo.com.mx\/?p=23777","title":{"rendered":"Lucha de mantas&#8230;"},"content":{"rendered":"\n<p>Xalapa, Ver.- En varios puntos del Estado incluyendo la capital, esta ma\u00f1ana aparecieron diversas mantas en contra del presidente Andr\u00e9s Manuel L\u00f3pez Obrador, que estar\u00edan firmadas por Va por el Cambio A.C., con texto\u00a0 alusivo a la Consulta de Revocaci\u00f3n de Mandato el pr\u00f3ximo 10 de abril.\u00a0<br><\/p>\n\n\n\n<figure class=\"wp-block-image size-large\"><img loading=\"lazy\" decoding=\"async\" width=\"953\" height=\"536\" src=\"https:\/\/encuentroinformativo.com.mx\/wp-content\/uploads\/2022\/02\/2393DA0F-6D0A-447C-B17C-E3648819034E.jpeg\" alt=\"\" class=\"wp-image-23779\" srcset=\"https:\/\/encuentroinformativo.com.mx\/wp-content\/uploads\/2022\/02\/2393DA0F-6D0A-447C-B17C-E3648819034E.jpeg 953w, https:\/\/encuentroinformativo.com.mx\/wp-content\/uploads\/2022\/02\/2393DA0F-6D0A-447C-B17C-E3648819034E-300x169.jpeg 300w, https:\/\/encuentroinformativo.com.mx\/wp-content\/uploads\/2022\/02\/2393DA0F-6D0A-447C-B17C-E3648819034E-768x432.jpeg 768w\" sizes=\"auto, (max-width: 953px) 100vw, 953px\" \/><\/figure>\n\n\n\n<figure class=\"wp-block-image size-large\"><img loading=\"lazy\" decoding=\"async\" width=\"601\" height=\"334\" src=\"https:\/\/encuentroinformativo.com.mx\/wp-content\/uploads\/2022\/02\/587BBE21-4788-429D-BD80-9CD08E650765.jpeg\" alt=\"\" class=\"wp-image-23780\" srcset=\"https:\/\/encuentroinformativo.com.mx\/wp-content\/uploads\/2022\/02\/587BBE21-4788-429D-BD80-9CD08E650765.jpeg 601w, https:\/\/encuentroinformativo.com.mx\/wp-content\/uploads\/2022\/02\/587BBE21-4788-429D-BD80-9CD08E650765-300x167.jpeg 300w\" sizes=\"auto, (max-width: 601px) 100vw, 601px\" \/><\/figure>\n","protected":false},"excerpt":{"rendered":"<p>Xalapa, Ver.- En varios puntos del Estado incluyendo la capital, esta ma\u00f1ana aparecieron diversas mantas en contra del presidente Andr\u00e9s Manuel L\u00f3pez Obrador, que estar\u00edan firmadas por Va por el Cambio A.C., con texto\u00a0 alusivo a la Consulta de Revocaci\u00f3n de Mandato el pr\u00f3ximo 10 de abril.\u00a0<\/p>\n","protected":false},"author":1,"featured_media":23778,"comment_status":"open","ping_status":"open","sticky":false,"template":"","format":"standard","meta":{"_jetpack_memberships_contains_paid_content":false,"footnotes":""},"categories":[2],"tags":[],"class_list":["post-23777","post","type-post","status-publish","format-standard","has-post-thumbnail","hentry","category-estado"],"jetpack_featured_media_url":"https:\/\/encuentroinformativo.com.mx\/wp-content\/uploads\/2022\/02\/520FFA01-84F0-465C-9538-3BB3E48802BA.jpeg","jetpack_sharing_enabled":true,"jetpack_likes_enabled":true,"amp_enabled":true,"_links":{"self":[{"href":"https:\/\/encuentroinformativo.com.mx\/index.php?rest_route=\/wp\/v2\/posts\/23777","targetHints":{"allow":["GET"]}}],"collection":[{"href":"https:\/\/encuentroinformativo.com.mx\/index.php?rest_route=\/wp\/v2\/posts"}],"about":[{"href":"https:\/\/encuentroinformativo.com.mx\/index.php?rest_route=\/wp\/v2\/types\/post"}],"author":[{"embeddable":true,"href":"https:\/\/encuentroinformativo.com.mx\/index.php?rest_route=\/wp\/v2\/users\/1"}],"replies":[{"embeddable":true,"href":"https:\/\/encuentroinformativo.com.mx\/index.php?rest_route=%2Fwp%2Fv2%2Fcomments&post=23777"}],"version-history":[{"count":1,"href":"https:\/\/encuentroinformativo.com.mx\/index.php?rest_route=\/wp\/v2\/posts\/23777\/revisions"}],"predecessor-version":[{"id":23781,"href":"https:\/\/encuentroinformativo.com.mx\/index.php?rest_route=\/wp\/v2\/posts\/23777\/revisions\/23781"}],"wp:featuredmedia":[{"embeddable":true,"href":"https:\/\/encuentroinformativo.com.mx\/index.php?rest_route=\/wp\/v2\/media\/23778"}],"wp:attachment":[{"href":"https:\/\/encuentroinformativo.com.mx\/index.php?rest_route=%2Fwp%2Fv2%2Fmedia&parent=23777"}],"wp:term":[{"taxonomy":"category","embeddable":true,"href":"https:\/\/encuentroinformativo.com.mx\/index.php?rest_route=%2Fwp%2Fv2%2Fcategories&post=23777"},{"taxonomy":"post_tag","embeddable":true,"href":"https:\/\/encuentroinformativo.com.mx\/index.php?rest_route=%2Fwp%2Fv2%2Ftags&post=23777"}],"curies":[{"name":"wp","href":"https:\/\/api.w.org\/{rel}","templated":true}]}}