{"id":2379,"date":"2020-05-06T14:42:57","date_gmt":"2020-05-06T19:42:57","guid":{"rendered":"https:\/\/encuentroinformativo.com\/?p=2379"},"modified":"2020-05-06T14:42:59","modified_gmt":"2020-05-06T19:42:59","slug":"se-agota-vitamina-c-en-farmacias","status":"publish","type":"post","link":"https:\/\/encuentroinformativo.com.mx\/?p=2379","title":{"rendered":"Se agota vitamina \u201cC\u201d en farmacias"},"content":{"rendered":"\n<p><strong>Juan Arcos <\/strong><\/p>\n\n\n\n<p>Xalapa, Ver.- En farmacias de Xalapa existe un desabasto de vitamina \u201cC\u201d, denunciaron consumidores.<\/p>\n\n\n\n<p>Mario L\u00f3pez Mart\u00ednez dio a conocer que ha recorrido varios establecimiento sin poder encontrar dichas vitaminas para fortalecer las defensas de sus hijas.<\/p>\n\n\n\n<p>\u201cHe estado buscando en casi todas las farmacias, hasta en las similares y de patente, y est\u00e1n agotadas, supuestamente\u201d.<\/p>\n\n\n\n<p>El padre de familia dijo desconocer si dicha situaci\u00f3n ha sido ocasionada por la pandemia del coronavirus.<\/p>\n\n\n\n<p>\u201cEs muy extra\u00f1o que me digan sobre unas vitaminas de uso personal y no tengan, no s\u00e9 si sea por este asunto del Covid-19\u201d.<\/p>\n\n\n\n<p>A su juicio, la situaci\u00f3n es complicada, debido a que adultos mayores y ni\u00f1os requieren de las vitaminas para fortalecer su sistema inmunol\u00f3gico y evitar enfermarse.<\/p>\n\n\n\n<p>\u201cS\u00ed me interesa encontrar vitaminas para mis hijas, en primera no salen, pero si las saco ir\u00edan sin ning\u00fan refuerzo a su sistema inmunol\u00f3gico\u201d.<\/p>\n\n\n\n<p>Cabe recordar que desde finales de febrero y principios marzo en algunas farmacias se hab\u00edan agotado los cubrebocas y algunos productos con vitamina \u201cC\u201d.<\/p>\n\n\n\n<p>Incluso, desde entonces era dif\u00edcil encontrar el polvo Emergen, as\u00ed como tambi\u00e9n, las pastillas efervescentes Rexodon y el \u00e1cido asc\u00f3rbico.<\/p>\n","protected":false},"excerpt":{"rendered":"<p>Juan Arcos Xalapa, Ver.- En farmacias de Xalapa existe un desabasto de vitamina \u201cC\u201d, denunciaron consumidores. Mario L\u00f3pez Mart\u00ednez dio a conocer que ha recorrido varios establecimiento sin poder encontrar dichas vitaminas para fortalecer las defensas de sus hijas. \u201cHe estado buscando en casi todas las farmacias, hasta en las similares y de patente, y [&hellip;]<\/p>\n","protected":false},"author":1,"featured_media":2380,"comment_status":"open","ping_status":"open","sticky":false,"template":"","format":"standard","meta":{"_jetpack_memberships_contains_paid_content":false,"footnotes":""},"categories":[9],"tags":[],"class_list":["post-2379","post","type-post","status-publish","format-standard","has-post-thumbnail","hentry","category-salud"],"jetpack_featured_media_url":"https:\/\/encuentroinformativo.com.mx\/wp-content\/uploads\/2020\/05\/1F04E0A9-AE53-464C-BF4F-3B6583473651.jpeg","jetpack_sharing_enabled":true,"jetpack_likes_enabled":true,"amp_enabled":true,"_links":{"self":[{"href":"https:\/\/encuentroinformativo.com.mx\/index.php?rest_route=\/wp\/v2\/posts\/2379","targetHints":{"allow":["GET"]}}],"collection":[{"href":"https:\/\/encuentroinformativo.com.mx\/index.php?rest_route=\/wp\/v2\/posts"}],"about":[{"href":"https:\/\/encuentroinformativo.com.mx\/index.php?rest_route=\/wp\/v2\/types\/post"}],"author":[{"embeddable":true,"href":"https:\/\/encuentroinformativo.com.mx\/index.php?rest_route=\/wp\/v2\/users\/1"}],"replies":[{"embeddable":true,"href":"https:\/\/encuentroinformativo.com.mx\/index.php?rest_route=%2Fwp%2Fv2%2Fcomments&post=2379"}],"version-history":[{"count":1,"href":"https:\/\/encuentroinformativo.com.mx\/index.php?rest_route=\/wp\/v2\/posts\/2379\/revisions"}],"predecessor-version":[{"id":2381,"href":"https:\/\/encuentroinformativo.com.mx\/index.php?rest_route=\/wp\/v2\/posts\/2379\/revisions\/2381"}],"wp:featuredmedia":[{"embeddable":true,"href":"https:\/\/encuentroinformativo.com.mx\/index.php?rest_route=\/wp\/v2\/media\/2380"}],"wp:attachment":[{"href":"https:\/\/encuentroinformativo.com.mx\/index.php?rest_route=%2Fwp%2Fv2%2Fmedia&parent=2379"}],"wp:term":[{"taxonomy":"category","embeddable":true,"href":"https:\/\/encuentroinformativo.com.mx\/index.php?rest_route=%2Fwp%2Fv2%2Fcategories&post=2379"},{"taxonomy":"post_tag","embeddable":true,"href":"https:\/\/encuentroinformativo.com.mx\/index.php?rest_route=%2Fwp%2Fv2%2Ftags&post=2379"}],"curies":[{"name":"wp","href":"https:\/\/api.w.org\/{rel}","templated":true}]}}