{"id":23791,"date":"2022-02-21T14:12:53","date_gmt":"2022-02-21T20:12:53","guid":{"rendered":"https:\/\/encuentroinformativo.com.mx\/?p=23791"},"modified":"2022-02-21T14:12:56","modified_gmt":"2022-02-21T20:12:56","slug":"veracruz-de-los-estados-mas-seguros-cuitlahuac-garcia","status":"publish","type":"post","link":"https:\/\/encuentroinformativo.com.mx\/?p=23791","title":{"rendered":"Veracruz de los Estados m\u00e1s seguros: Cuitl\u00e1huac Garc\u00eda"},"content":{"rendered":"\n<p><strong>Dar\u00edo Pale <\/strong><\/p>\n\n\n\n<p>Xalapa, Ver.- El gobernador de Veracruz Cuitl\u00e1huac Garc\u00eda Jim\u00e9nez presumi\u00f3 que es uno de los estados m\u00e1s seguros en el pa\u00eds, pese a que la Federaci\u00f3n ubica a Veracruz en el lugar n\u00famero 25 en cuanto la comisi\u00f3n de delitos.<\/p>\n\n\n\n<p>En conferencia de prensa realizada en la sala de Banderas de Palacio de Gobierno, expuso que se tomaron en cuenta todos los delitos por cada cien mil habitantes, por lo que critic\u00f3 nuevamente el ataque de algunos medios nacionales y locales al publicar que en la Entidad no se deten\u00eda la comisi\u00f3n de algunos delitos con toda una serie de adjetivos descalificativos.<\/p>\n\n\n\n<p>\u201cNo obstante estamos en el lugar 25, ojal\u00e1 esto sea un tema de los medios que nos se\u00f1alaron y reconozcan la verdad, esto no suced\u00eda hace much\u00edsimos a\u00f1os, s\u00ed existen algunos eventos que son muy medi\u00e1ticos, pero son espor\u00e1dicos, aislados y la contundencia con la que hemos actuado hacen que ya no sucedan tan seguido ni de tantas dimensiones como los que me antecedieron&#8221;, se\u00f1al\u00f3.<\/p>\n\n\n\n<p>El Mandatario afirm\u00f3 que tienen &#8220;\u00e9xito&#8221; en la estrategia del Presidente, pero que se asumi\u00f3 en el Estado, por lo que debido a los hechos sucedidos en enero, en donde se dejaron 9 cuerpos tirados en el sur de Veracruz, se emprendi\u00f3 toda una &#8220;estrategia&#8221; medi\u00e1tica contra su gobierno y funcionarios de su gabinete.<\/p>\n\n\n\n<p>Puntualiz\u00f3 tambi\u00e9n que con relaci\u00f3n a las v\u00edctimas de homicidios dolosos, Veracruz se ubica en el lugar 17, a diferencia de otras entidades como Guanajuato, Nuevo Le\u00f3n, Chihuahua, Jalisco y no se dice nada o no se ha abierto una comisi\u00f3n especial en el Senado a esas entidades.<\/p>\n\n\n\n<p>&#8220;Los senadores m\u00e1s duros contra nosotros no voltearon a sus estados . Nosotros estamos en el 17 de homicidios y d\u00f3nde est\u00e1 la comisi\u00f3n de esos estados, la comisi\u00f3n especial, pero claro el embate dur\u00edsimo y somos de los mejores en seguridad, hoy lo podemos afirmar claramente, somos de los mejores estados, como nunca hab\u00eda sucedido en d\u00e9cadas&#8221;, coment\u00f3.<\/p>\n\n\n\n<p>En cuanto a enero del 2021, presumi\u00f3 que Veracruz ya hab\u00eda tenido una disminuci\u00f3n \u00a0de delitos como homicidios, lo que representa una disminuci\u00f3n del 23 por ciento en relaci\u00f3n a enero de este a\u00f1o.<\/p>\n\n\n\n<p>Finalmente reiter\u00f3 el llamado a los medios para que digan la verdad: que Veracruz es de los estado m\u00e1s seguros.<\/p>\n","protected":false},"excerpt":{"rendered":"<p>Dar\u00edo Pale Xalapa, Ver.- El gobernador de Veracruz Cuitl\u00e1huac Garc\u00eda Jim\u00e9nez presumi\u00f3 que es uno de los estados m\u00e1s seguros en el pa\u00eds, pese a que la Federaci\u00f3n ubica a Veracruz en el lugar n\u00famero 25 en cuanto la comisi\u00f3n de delitos. En conferencia de prensa realizada en la sala de Banderas de Palacio de [&hellip;]<\/p>\n","protected":false},"author":1,"featured_media":23792,"comment_status":"open","ping_status":"open","sticky":false,"template":"","format":"standard","meta":{"_jetpack_memberships_contains_paid_content":false,"footnotes":""},"categories":[2],"tags":[],"class_list":["post-23791","post","type-post","status-publish","format-standard","has-post-thumbnail","hentry","category-estado"],"jetpack_featured_media_url":"https:\/\/encuentroinformativo.com.mx\/wp-content\/uploads\/2022\/02\/885C9FA4-5BAF-4913-9489-35CC84F48718.jpeg","jetpack_sharing_enabled":true,"jetpack_likes_enabled":true,"amp_enabled":true,"_links":{"self":[{"href":"https:\/\/encuentroinformativo.com.mx\/index.php?rest_route=\/wp\/v2\/posts\/23791","targetHints":{"allow":["GET"]}}],"collection":[{"href":"https:\/\/encuentroinformativo.com.mx\/index.php?rest_route=\/wp\/v2\/posts"}],"about":[{"href":"https:\/\/encuentroinformativo.com.mx\/index.php?rest_route=\/wp\/v2\/types\/post"}],"author":[{"embeddable":true,"href":"https:\/\/encuentroinformativo.com.mx\/index.php?rest_route=\/wp\/v2\/users\/1"}],"replies":[{"embeddable":true,"href":"https:\/\/encuentroinformativo.com.mx\/index.php?rest_route=%2Fwp%2Fv2%2Fcomments&post=23791"}],"version-history":[{"count":1,"href":"https:\/\/encuentroinformativo.com.mx\/index.php?rest_route=\/wp\/v2\/posts\/23791\/revisions"}],"predecessor-version":[{"id":23793,"href":"https:\/\/encuentroinformativo.com.mx\/index.php?rest_route=\/wp\/v2\/posts\/23791\/revisions\/23793"}],"wp:featuredmedia":[{"embeddable":true,"href":"https:\/\/encuentroinformativo.com.mx\/index.php?rest_route=\/wp\/v2\/media\/23792"}],"wp:attachment":[{"href":"https:\/\/encuentroinformativo.com.mx\/index.php?rest_route=%2Fwp%2Fv2%2Fmedia&parent=23791"}],"wp:term":[{"taxonomy":"category","embeddable":true,"href":"https:\/\/encuentroinformativo.com.mx\/index.php?rest_route=%2Fwp%2Fv2%2Fcategories&post=23791"},{"taxonomy":"post_tag","embeddable":true,"href":"https:\/\/encuentroinformativo.com.mx\/index.php?rest_route=%2Fwp%2Fv2%2Ftags&post=23791"}],"curies":[{"name":"wp","href":"https:\/\/api.w.org\/{rel}","templated":true}]}}