{"id":23799,"date":"2022-02-21T14:34:19","date_gmt":"2022-02-21T20:34:19","guid":{"rendered":"https:\/\/encuentroinformativo.com.mx\/?p=23799"},"modified":"2022-02-21T14:34:23","modified_gmt":"2022-02-21T20:34:23","slug":"por-semaforo-suspenderian-actividades-deportivas-en-coatepec","status":"publish","type":"post","link":"https:\/\/encuentroinformativo.com.mx\/?p=23799","title":{"rendered":"Por sem\u00e1foro, suspender\u00edan actividades deportivas en Coatepec"},"content":{"rendered":"\n<p><strong>Juan Arcos <\/strong><\/p>\n\n\n\n<p>Coatepec, Ver.- En el municipio de Coatepec se reforzar\u00e1n las medidas sanitarias tras el retroceso en el sem\u00e1foro epidemi\u00f3logo regional al color rojo, de riesgo m\u00e1ximo de contagio.<\/p>\n\n\n\n<p>As\u00ed lo dio a conocer la regidora cuarta del Pueblo M\u00e1gico, Sof\u00eda Leticia Viveros Colorado, quien a\u00f1adi\u00f3 que si contin\u00faan en ascenso los contagios podr\u00edan suspenderse las actividades deportivas.<\/p>\n\n\n\n<p>\u201cSi esto empeora s\u00ed se tomar\u00e1n las medidas pertinentes para evitar los contagios\u201d, insisti\u00f3.<\/p>\n\n\n\n<p>La funcionaria municipal declar\u00f3 que no ser\u00e1 obligatorio el uso de cubrebocas y esta administraci\u00f3n no contempla aplicar sanciones a quienes no lo usen en espacios p\u00fablicos.<\/p>\n\n\n\n<p>\u201cYo creo que somos mayores y como personas adultas que somos, tenemos cada quien su responsabilidad\u201d, expres\u00f3.<\/p>\n\n\n\n<p>Tambi\u00e9n mencion\u00f3 que la regidur\u00eda a su cargo entreg\u00f3 paquetes de gel antibacterial y jab\u00f3n en algunas escuelas de Coatepec que solicitaron dichos apoyos.<\/p>\n\n\n\n<p>\u201cDesde el ayuntamiento, desde la Direcci\u00f3n de Salud ya se instal\u00f3 nuevamente el filtro sanitario en el Palacio Municipal, es el filtro de gel y chequeo de la temperatura\u201d, remat\u00f3 Viveros Colorado.<\/p>\n","protected":false},"excerpt":{"rendered":"<p>Juan Arcos Coatepec, Ver.- En el municipio de Coatepec se reforzar\u00e1n las medidas sanitarias tras el retroceso en el sem\u00e1foro epidemi\u00f3logo regional al color rojo, de riesgo m\u00e1ximo de contagio. As\u00ed lo dio a conocer la regidora cuarta del Pueblo M\u00e1gico, Sof\u00eda Leticia Viveros Colorado, quien a\u00f1adi\u00f3 que si contin\u00faan en ascenso los contagios podr\u00edan [&hellip;]<\/p>\n","protected":false},"author":1,"featured_media":23800,"comment_status":"open","ping_status":"open","sticky":false,"template":"","format":"standard","meta":{"_jetpack_memberships_contains_paid_content":false,"footnotes":""},"categories":[9],"tags":[],"class_list":["post-23799","post","type-post","status-publish","format-standard","has-post-thumbnail","hentry","category-salud"],"jetpack_featured_media_url":"https:\/\/encuentroinformativo.com.mx\/wp-content\/uploads\/2022\/02\/D3D4211A-DAFC-4648-A804-937969A40162.jpeg","jetpack_sharing_enabled":true,"jetpack_likes_enabled":true,"amp_enabled":true,"_links":{"self":[{"href":"https:\/\/encuentroinformativo.com.mx\/index.php?rest_route=\/wp\/v2\/posts\/23799","targetHints":{"allow":["GET"]}}],"collection":[{"href":"https:\/\/encuentroinformativo.com.mx\/index.php?rest_route=\/wp\/v2\/posts"}],"about":[{"href":"https:\/\/encuentroinformativo.com.mx\/index.php?rest_route=\/wp\/v2\/types\/post"}],"author":[{"embeddable":true,"href":"https:\/\/encuentroinformativo.com.mx\/index.php?rest_route=\/wp\/v2\/users\/1"}],"replies":[{"embeddable":true,"href":"https:\/\/encuentroinformativo.com.mx\/index.php?rest_route=%2Fwp%2Fv2%2Fcomments&post=23799"}],"version-history":[{"count":1,"href":"https:\/\/encuentroinformativo.com.mx\/index.php?rest_route=\/wp\/v2\/posts\/23799\/revisions"}],"predecessor-version":[{"id":23801,"href":"https:\/\/encuentroinformativo.com.mx\/index.php?rest_route=\/wp\/v2\/posts\/23799\/revisions\/23801"}],"wp:featuredmedia":[{"embeddable":true,"href":"https:\/\/encuentroinformativo.com.mx\/index.php?rest_route=\/wp\/v2\/media\/23800"}],"wp:attachment":[{"href":"https:\/\/encuentroinformativo.com.mx\/index.php?rest_route=%2Fwp%2Fv2%2Fmedia&parent=23799"}],"wp:term":[{"taxonomy":"category","embeddable":true,"href":"https:\/\/encuentroinformativo.com.mx\/index.php?rest_route=%2Fwp%2Fv2%2Fcategories&post=23799"},{"taxonomy":"post_tag","embeddable":true,"href":"https:\/\/encuentroinformativo.com.mx\/index.php?rest_route=%2Fwp%2Fv2%2Ftags&post=23799"}],"curies":[{"name":"wp","href":"https:\/\/api.w.org\/{rel}","templated":true}]}}