{"id":23802,"date":"2022-02-21T14:38:09","date_gmt":"2022-02-21T20:38:09","guid":{"rendered":"https:\/\/encuentroinformativo.com.mx\/?p=23802"},"modified":"2022-02-21T14:38:12","modified_gmt":"2022-02-21T20:38:12","slug":"evaluara-unicef-programas-educativos-de-veracruz","status":"publish","type":"post","link":"https:\/\/encuentroinformativo.com.mx\/?p=23802","title":{"rendered":"Evaluar\u00e1 UNICEF programas educativos de Veracruz"},"content":{"rendered":"\n<p><strong>Alejandro \u00c1vila<\/strong><\/p>\n\n\n\n<p>Veracruz, Ver.- El Fondo de las Naciones Unidas para la Infancia (UNICEF), evaluar\u00e1 los programas de espa\u00f1ol y matem\u00e1ticas de la Secretar\u00eda de Educaci\u00f3n de Veracruz (SEV), d\u00f3nde se entregar\u00e1 un avance de los respectivos programas.<\/p>\n\n\n\n<p>El secretario de Educaci\u00f3n, Zenyazen Escobar Garc\u00eda, mencion\u00f3, que de la misma manera, podr\u00e1n conocer a grandes rasgos, el nivel de rezago qu\u00e9 ocasion\u00f3 la pandemia.<\/p>\n\n\n\n<p>&#8220;Nosotros a trav\u00e9s de lo que fue UNICEF, firmamos convenio para una evaluaci\u00f3n en cuanto a los programas que nosotros traemos en espa\u00f1ol y matem\u00e1ticas para todos, qu\u00e9 nos van a evaluar primero, segundo y tercer grado de primaria, para ver c\u00f3mo estamos, los avances que tuvimos con nuestros programas, pero que tambi\u00e9n ah\u00ed nos va a dar una pauta para checar como nos encontramos, a nivel de rezago educativo en el estado de Veracruz&#8221;, apunt\u00f3&nbsp;<\/p>\n\n\n\n<p>Escobar Garc\u00eda mencion\u00f3 que, el convenio fue firmado en el mes de enero, y de lograr un \u00e9xito en los modelos educativos que propuso Veracruz, estos se podr\u00edan replicar a nivel nacional e internacional, a trav\u00e9s de la misma UNICEF, pero con docentes veracruzanos.<\/p>\n\n\n\n<p>Finalmente, el funcionario estatal dijo a todos los padres de familia que se encuentran en descontento por no haber podido matricular a sus hijos en un plantel educativo, qu\u00e9 se acerquen a sus respectivas delegaciones de la SEV, para que puedan visualizar el Programa Estatal de Oferta Educativa (PEOE), y de esta manera colocar a sus hijos en alguna escuela a fin de reducir la deserci\u00f3n escolar.<\/p>\n","protected":false},"excerpt":{"rendered":"<p>Alejandro \u00c1vila Veracruz, Ver.- El Fondo de las Naciones Unidas para la Infancia (UNICEF), evaluar\u00e1 los programas de espa\u00f1ol y matem\u00e1ticas de la Secretar\u00eda de Educaci\u00f3n de Veracruz (SEV), d\u00f3nde se entregar\u00e1 un avance de los respectivos programas. El secretario de Educaci\u00f3n, Zenyazen Escobar Garc\u00eda, mencion\u00f3, que de la misma manera, podr\u00e1n conocer a grandes [&hellip;]<\/p>\n","protected":false},"author":1,"featured_media":23803,"comment_status":"open","ping_status":"open","sticky":false,"template":"","format":"standard","meta":{"_jetpack_memberships_contains_paid_content":false,"footnotes":""},"categories":[2],"tags":[],"class_list":["post-23802","post","type-post","status-publish","format-standard","has-post-thumbnail","hentry","category-estado"],"jetpack_featured_media_url":"https:\/\/encuentroinformativo.com.mx\/wp-content\/uploads\/2022\/02\/69F6499C-7CD5-43F0-A251-679AEBC021A3.jpeg","jetpack_sharing_enabled":true,"jetpack_likes_enabled":true,"amp_enabled":true,"_links":{"self":[{"href":"https:\/\/encuentroinformativo.com.mx\/index.php?rest_route=\/wp\/v2\/posts\/23802","targetHints":{"allow":["GET"]}}],"collection":[{"href":"https:\/\/encuentroinformativo.com.mx\/index.php?rest_route=\/wp\/v2\/posts"}],"about":[{"href":"https:\/\/encuentroinformativo.com.mx\/index.php?rest_route=\/wp\/v2\/types\/post"}],"author":[{"embeddable":true,"href":"https:\/\/encuentroinformativo.com.mx\/index.php?rest_route=\/wp\/v2\/users\/1"}],"replies":[{"embeddable":true,"href":"https:\/\/encuentroinformativo.com.mx\/index.php?rest_route=%2Fwp%2Fv2%2Fcomments&post=23802"}],"version-history":[{"count":1,"href":"https:\/\/encuentroinformativo.com.mx\/index.php?rest_route=\/wp\/v2\/posts\/23802\/revisions"}],"predecessor-version":[{"id":23804,"href":"https:\/\/encuentroinformativo.com.mx\/index.php?rest_route=\/wp\/v2\/posts\/23802\/revisions\/23804"}],"wp:featuredmedia":[{"embeddable":true,"href":"https:\/\/encuentroinformativo.com.mx\/index.php?rest_route=\/wp\/v2\/media\/23803"}],"wp:attachment":[{"href":"https:\/\/encuentroinformativo.com.mx\/index.php?rest_route=%2Fwp%2Fv2%2Fmedia&parent=23802"}],"wp:term":[{"taxonomy":"category","embeddable":true,"href":"https:\/\/encuentroinformativo.com.mx\/index.php?rest_route=%2Fwp%2Fv2%2Fcategories&post=23802"},{"taxonomy":"post_tag","embeddable":true,"href":"https:\/\/encuentroinformativo.com.mx\/index.php?rest_route=%2Fwp%2Fv2%2Ftags&post=23802"}],"curies":[{"name":"wp","href":"https:\/\/api.w.org\/{rel}","templated":true}]}}