{"id":23805,"date":"2022-02-21T14:47:09","date_gmt":"2022-02-21T20:47:09","guid":{"rendered":"https:\/\/encuentroinformativo.com.mx\/?p=23805"},"modified":"2022-02-21T14:47:13","modified_gmt":"2022-02-21T20:47:13","slug":"confian-en-mayor-organizacion-con-organizaciones-empresariales","status":"publish","type":"post","link":"https:\/\/encuentroinformativo.com.mx\/?p=23805","title":{"rendered":"Conf\u00edan en mayor organizaci\u00f3n con organizaciones empresariales"},"content":{"rendered":"\n<p><strong>Alejandro \u00c1vila<\/strong><\/p>\n\n\n\n<p>Veracruz, Ver.- Francisco Cervantes D\u00edaz, qui\u00e9n se vislumbra como el pr\u00f3ximo presidente Nacional del Consejo Coordinador Empresarial (CCE), tiene toda la capacidad para unir y posicionar a los empresarios de la Rep\u00fablica Mexicana, y as\u00ed buscar impulsar la econom\u00eda, se\u00f1al\u00f3 Jos\u00e9 Manuel Urreta Ortega, presidente de ANCER.<\/p>\n\n\n\n<p>Apunt\u00f3 que, la \u00fanica forma de salir adelante, es que todos los organismos empresariales de M\u00e9xico trabajen de manera coordinada, en constante comunicaci\u00f3n y respetando las atribuciones de cada uno; as\u00ed, podr\u00e1n fortalecer las oportunidades y atender las necesidades de la iniciativa privada en todo el territorio mexicano.<\/p>\n\n\n\n<p>\u201cFrancisco Cervantes D\u00edaz tiene las facultades, car\u00e1cter y experiencia para poder llevar adelante los trabajos del CCE; proviene de organismos empresariales, sabe c\u00f3mo se trabaja desde ellos y de qu\u00e9 manera sumar esfuerzos, pero tambi\u00e9n ser firme contrapeso del sector p\u00fablico cuando sea necesario\u201d, se\u00f1al\u00f3 Jos\u00e9 Manuel Urreta Ortega, presidente nacional de ANCER.<\/p>\n\n\n\n<p>Francisco Cervantes D\u00edaz, quien presidi\u00f3 el Consejo Empresarial Regional del Estado de M\u00e9xico, y a nivel nacional la Confederaci\u00f3n de C\u00e1maras Industriales de los Estados Unidos Mexicanos, mostr\u00f3 su capacidad de negociaci\u00f3n, como la de sumar voluntades en beneficio del sector representado.&nbsp;&nbsp;<\/p>\n\n\n\n<p>Urreta Ortega dijo que, una vez que se concluya el proceso de elecci\u00f3n del CCE, se deben realizar acercamientos, con el objetivo de retomar la agenda de trabajo y coordinaci\u00f3n con la m\u00e1xima c\u00fapula empresarial del pa\u00eds.<\/p>\n\n\n\n<p>En ese sentido, indic\u00f3 que, el objetivo de los Consejos Empresariales organizados, es hacer valer las contribuciones e importancia de la econom\u00eda local para el crecimiento mexicano, promover su desarrollo atendiendo las particularidades de cada sector en cada regi\u00f3n del pa\u00eds, y llevar a la agenda federal las oportunidades y necesidades de cada uno de ellos.&nbsp;&nbsp;<\/p>\n","protected":false},"excerpt":{"rendered":"<p>Alejandro \u00c1vila Veracruz, Ver.- Francisco Cervantes D\u00edaz, qui\u00e9n se vislumbra como el pr\u00f3ximo presidente Nacional del Consejo Coordinador Empresarial (CCE), tiene toda la capacidad para unir y posicionar a los empresarios de la Rep\u00fablica Mexicana, y as\u00ed buscar impulsar la econom\u00eda, se\u00f1al\u00f3 Jos\u00e9 Manuel Urreta Ortega, presidente de ANCER. Apunt\u00f3 que, la \u00fanica forma de [&hellip;]<\/p>\n","protected":false},"author":1,"featured_media":23806,"comment_status":"open","ping_status":"open","sticky":false,"template":"","format":"standard","meta":{"_jetpack_memberships_contains_paid_content":false,"footnotes":""},"categories":[2],"tags":[],"class_list":["post-23805","post","type-post","status-publish","format-standard","has-post-thumbnail","hentry","category-estado"],"jetpack_featured_media_url":"https:\/\/encuentroinformativo.com.mx\/wp-content\/uploads\/2022\/02\/3DC1B82C-8575-487A-8701-062E30879435.jpeg","jetpack_sharing_enabled":true,"jetpack_likes_enabled":true,"amp_enabled":true,"_links":{"self":[{"href":"https:\/\/encuentroinformativo.com.mx\/index.php?rest_route=\/wp\/v2\/posts\/23805","targetHints":{"allow":["GET"]}}],"collection":[{"href":"https:\/\/encuentroinformativo.com.mx\/index.php?rest_route=\/wp\/v2\/posts"}],"about":[{"href":"https:\/\/encuentroinformativo.com.mx\/index.php?rest_route=\/wp\/v2\/types\/post"}],"author":[{"embeddable":true,"href":"https:\/\/encuentroinformativo.com.mx\/index.php?rest_route=\/wp\/v2\/users\/1"}],"replies":[{"embeddable":true,"href":"https:\/\/encuentroinformativo.com.mx\/index.php?rest_route=%2Fwp%2Fv2%2Fcomments&post=23805"}],"version-history":[{"count":1,"href":"https:\/\/encuentroinformativo.com.mx\/index.php?rest_route=\/wp\/v2\/posts\/23805\/revisions"}],"predecessor-version":[{"id":23807,"href":"https:\/\/encuentroinformativo.com.mx\/index.php?rest_route=\/wp\/v2\/posts\/23805\/revisions\/23807"}],"wp:featuredmedia":[{"embeddable":true,"href":"https:\/\/encuentroinformativo.com.mx\/index.php?rest_route=\/wp\/v2\/media\/23806"}],"wp:attachment":[{"href":"https:\/\/encuentroinformativo.com.mx\/index.php?rest_route=%2Fwp%2Fv2%2Fmedia&parent=23805"}],"wp:term":[{"taxonomy":"category","embeddable":true,"href":"https:\/\/encuentroinformativo.com.mx\/index.php?rest_route=%2Fwp%2Fv2%2Fcategories&post=23805"},{"taxonomy":"post_tag","embeddable":true,"href":"https:\/\/encuentroinformativo.com.mx\/index.php?rest_route=%2Fwp%2Fv2%2Ftags&post=23805"}],"curies":[{"name":"wp","href":"https:\/\/api.w.org\/{rel}","templated":true}]}}