{"id":2382,"date":"2020-05-06T15:34:53","date_gmt":"2020-05-06T20:34:53","guid":{"rendered":"https:\/\/encuentroinformativo.com\/?p=2382"},"modified":"2020-05-06T15:34:56","modified_gmt":"2020-05-06T20:34:56","slug":"por-covid-19-van-12-veracruzanos-fallecidos-en-eua","status":"publish","type":"post","link":"https:\/\/encuentroinformativo.com.mx\/?p=2382","title":{"rendered":"Por Covid-19, van 12 veracruzanos fallecidos en EUA"},"content":{"rendered":"\n<p>Veracruz, Ver.- Debido a las nuevas normas que\u00a0se aplican por la contingencia epidemiol\u00f3gica, los connacionales que han perdido la vida a causa del\u00a0COVID-19\u00a0en los Estados Unidos de Norteam\u00e9rica, solo pueden ser repatriados en cenizas a M\u00e9xico.\u00a0<\/p>\n\n\n\n<p>De acuerdo con Carlos Escalante&nbsp;Igual, director general de Atenci\u00f3n a Migrantes del Gobierno de Veracruz, la Secretar\u00eda de Relaciones Exteriores tiene un registro al corte del 20 de abril del presente a\u00f1o, de 363 connacionales que ha fallecido por el coronavirus, 12 de ellos son originarios&nbsp;del estado de Veracruz.&nbsp;<\/p>\n\n\n\n<p>Estos casos registrados se deben&nbsp;a que los familiares solicitan el apoyo de la Secretar\u00eda de Relaciones Exteriores para el traslado de las cenizas.&nbsp;<\/p>\n\n\n\n<p>Sobre los casos de ciudadanas&nbsp;y ciudadanos de origen veracruzano que han sido repatriados al pa\u00eds durante esta pandemia, comprenden un total de 7 personas.&nbsp;&nbsp;<\/p>\n\n\n\n<p>Los \u00faltimos, fue una familia\u00a0de 3 personas que se encontraban en cuarentena en Italia, hace dos semanas llegaron a M\u00e9xico; hasta el momento la dependencia estatal de Atenci\u00f3n a\u00a0Migrantes no\u00a0ha recibido otras solicitudes de gesti\u00f3n para retornar al pa\u00eds.\u00a0<\/p>\n\n\n\n<p><strong>Fuente:<\/strong> Agencia RTV Noticias <\/p>\n","protected":false},"excerpt":{"rendered":"<p>Veracruz, Ver.- Debido a las nuevas normas que\u00a0se aplican por la contingencia epidemiol\u00f3gica, los connacionales que han perdido la vida a causa del\u00a0COVID-19\u00a0en los Estados Unidos de Norteam\u00e9rica, solo pueden ser repatriados en cenizas a M\u00e9xico.\u00a0 De acuerdo con Carlos Escalante&nbsp;Igual, director general de Atenci\u00f3n a Migrantes del Gobierno de Veracruz, la Secretar\u00eda de Relaciones [&hellip;]<\/p>\n","protected":false},"author":1,"featured_media":1661,"comment_status":"open","ping_status":"open","sticky":false,"template":"","format":"standard","meta":{"_jetpack_memberships_contains_paid_content":false,"footnotes":""},"categories":[2],"tags":[],"class_list":["post-2382","post","type-post","status-publish","format-standard","has-post-thumbnail","hentry","category-estado"],"jetpack_featured_media_url":"https:\/\/encuentroinformativo.com.mx\/wp-content\/uploads\/2020\/04\/2CF200D1-2BD2-4654-B535-63F14A11CBCA.jpeg","jetpack_sharing_enabled":true,"jetpack_likes_enabled":true,"amp_enabled":true,"_links":{"self":[{"href":"https:\/\/encuentroinformativo.com.mx\/index.php?rest_route=\/wp\/v2\/posts\/2382","targetHints":{"allow":["GET"]}}],"collection":[{"href":"https:\/\/encuentroinformativo.com.mx\/index.php?rest_route=\/wp\/v2\/posts"}],"about":[{"href":"https:\/\/encuentroinformativo.com.mx\/index.php?rest_route=\/wp\/v2\/types\/post"}],"author":[{"embeddable":true,"href":"https:\/\/encuentroinformativo.com.mx\/index.php?rest_route=\/wp\/v2\/users\/1"}],"replies":[{"embeddable":true,"href":"https:\/\/encuentroinformativo.com.mx\/index.php?rest_route=%2Fwp%2Fv2%2Fcomments&post=2382"}],"version-history":[{"count":1,"href":"https:\/\/encuentroinformativo.com.mx\/index.php?rest_route=\/wp\/v2\/posts\/2382\/revisions"}],"predecessor-version":[{"id":2383,"href":"https:\/\/encuentroinformativo.com.mx\/index.php?rest_route=\/wp\/v2\/posts\/2382\/revisions\/2383"}],"wp:featuredmedia":[{"embeddable":true,"href":"https:\/\/encuentroinformativo.com.mx\/index.php?rest_route=\/wp\/v2\/media\/1661"}],"wp:attachment":[{"href":"https:\/\/encuentroinformativo.com.mx\/index.php?rest_route=%2Fwp%2Fv2%2Fmedia&parent=2382"}],"wp:term":[{"taxonomy":"category","embeddable":true,"href":"https:\/\/encuentroinformativo.com.mx\/index.php?rest_route=%2Fwp%2Fv2%2Fcategories&post=2382"},{"taxonomy":"post_tag","embeddable":true,"href":"https:\/\/encuentroinformativo.com.mx\/index.php?rest_route=%2Fwp%2Fv2%2Ftags&post=2382"}],"curies":[{"name":"wp","href":"https:\/\/api.w.org\/{rel}","templated":true}]}}