{"id":23821,"date":"2022-02-21T16:59:41","date_gmt":"2022-02-21T22:59:41","guid":{"rendered":"https:\/\/encuentroinformativo.com.mx\/?p=23821"},"modified":"2022-02-21T16:59:45","modified_gmt":"2022-02-21T22:59:45","slug":"promovera-congreso-vida-saludable-en-la-juventud-veracruzana","status":"publish","type":"post","link":"https:\/\/encuentroinformativo.com.mx\/?p=23821","title":{"rendered":"Promover\u00e1 Congreso vida saludable en la juventud veracruzana"},"content":{"rendered":"\n<p><strong>* Suscribe Comisi\u00f3n de Juventud y Deporte y Atletas con Discapacidad su Plan Anual de Trabajo.<\/strong><\/p>\n\n\n\n<p>Xalapa, Ver.- En cumplimiento a lo que establece la fracci\u00f3n IV del art\u00edculo 57 del Reglamento para el Gobierno Interior del Poder Legislativo del Estado de Veracruz de Ignacio de la Llave, el y las integrantes de la Comisi\u00f3n Permanente de Juventud y Deporte y Atletas con Discapacidad presentaron, aprobaron y suscribieron su Plan Anual de Trabajo, a desarrollarse durante su primer a\u00f1o de ejercicio constitucional.<\/p>\n\n\n\n<p>En sesi\u00f3n de trabajo celebrada este lunes en oficinas del Palacio Legislativo, esta instancia dictaminadora, integrada por el diputado Luis Ronaldo Z\u00e1rate D\u00edaz y las legisladoras Janix Liliana Castro Mu\u00f1oz e Itzel Yescas Valdivia, presidente, secretaria y vocal respectivamente, determin\u00f3 como objetivo principal fomentar entre la juventud veracruzana un estilo de vida saludable, de equilibrio f\u00edsico, mental y emocional.<\/p>\n\n\n\n<p>Las l\u00edneas de acci\u00f3n a seguir para alcanzar dicho objetivo son: colaborar con las instancias correspondientes en los programas estrat\u00e9gicos de impulso del deporte en general y coadyuvar en los esfuerzos interinstitucionales y de gobiernos municipales para difundir una vida saludable, mediante reuniones de trabajo, conferencias y eventos regionales.<\/p>\n\n\n\n<p>Adem\u00e1s, impulsar programas encaminados a disminuir el porcentaje de rezago educativo; evaluar, analizar y proponer la transversalizaci\u00f3n de pol\u00edticas p\u00fablicas para el desarrollo de la juventud veracruzana y articular estrategias preventivas, formativas e interinstitucionales que apoyen y fortalezcan los proyectos de vida de este sector social.<\/p>\n\n\n\n<p>De igual forma, realizar foros, impulsar la vinculaci\u00f3n y contribuci\u00f3n de las y los j\u00f3venes en la elaboraci\u00f3n de propuestas de pol\u00edticas p\u00fablicas y la realizaci\u00f3n de encuentros de fomento al deporte que incluya a las y los atletas con discapacidad.<\/p>\n\n\n\n<p>Posteriormente, \u00e9l y las integrantes de la Comisi\u00f3n recibieron a Vladimir Cruz Acosta, del Comit\u00e9 de la Copa Veracruz, quien acudi\u00f3 a las instalaciones del Palacio Legislativo para invitarles a participar en la difusi\u00f3n de este torneo rel\u00e1mpago de primera fuerza para menores de 24 a\u00f1os que se realizar\u00e1 en el estado, cuyos ganadores por sede recibir\u00e1n un premio de 50 mil pesos; el triunfador de la final que se celebrar\u00e1 en el Estadio \u201cBeto \u00c1vila\u201d de Veracruz, 150 mil pesos m\u00e1s.<\/p>\n","protected":false},"excerpt":{"rendered":"<p>* Suscribe Comisi\u00f3n de Juventud y Deporte y Atletas con Discapacidad su Plan Anual de Trabajo. Xalapa, Ver.- En cumplimiento a lo que establece la fracci\u00f3n IV del art\u00edculo 57 del Reglamento para el Gobierno Interior del Poder Legislativo del Estado de Veracruz de Ignacio de la Llave, el y las integrantes de la Comisi\u00f3n [&hellip;]<\/p>\n","protected":false},"author":1,"featured_media":23822,"comment_status":"open","ping_status":"open","sticky":false,"template":"","format":"standard","meta":{"_jetpack_memberships_contains_paid_content":false,"footnotes":""},"categories":[9],"tags":[],"class_list":["post-23821","post","type-post","status-publish","format-standard","has-post-thumbnail","hentry","category-salud"],"jetpack_featured_media_url":"https:\/\/encuentroinformativo.com.mx\/wp-content\/uploads\/2022\/02\/1F62FA1A-C148-4408-A09C-783FA53EBD3D.jpeg","jetpack_sharing_enabled":true,"jetpack_likes_enabled":true,"amp_enabled":true,"_links":{"self":[{"href":"https:\/\/encuentroinformativo.com.mx\/index.php?rest_route=\/wp\/v2\/posts\/23821","targetHints":{"allow":["GET"]}}],"collection":[{"href":"https:\/\/encuentroinformativo.com.mx\/index.php?rest_route=\/wp\/v2\/posts"}],"about":[{"href":"https:\/\/encuentroinformativo.com.mx\/index.php?rest_route=\/wp\/v2\/types\/post"}],"author":[{"embeddable":true,"href":"https:\/\/encuentroinformativo.com.mx\/index.php?rest_route=\/wp\/v2\/users\/1"}],"replies":[{"embeddable":true,"href":"https:\/\/encuentroinformativo.com.mx\/index.php?rest_route=%2Fwp%2Fv2%2Fcomments&post=23821"}],"version-history":[{"count":1,"href":"https:\/\/encuentroinformativo.com.mx\/index.php?rest_route=\/wp\/v2\/posts\/23821\/revisions"}],"predecessor-version":[{"id":23823,"href":"https:\/\/encuentroinformativo.com.mx\/index.php?rest_route=\/wp\/v2\/posts\/23821\/revisions\/23823"}],"wp:featuredmedia":[{"embeddable":true,"href":"https:\/\/encuentroinformativo.com.mx\/index.php?rest_route=\/wp\/v2\/media\/23822"}],"wp:attachment":[{"href":"https:\/\/encuentroinformativo.com.mx\/index.php?rest_route=%2Fwp%2Fv2%2Fmedia&parent=23821"}],"wp:term":[{"taxonomy":"category","embeddable":true,"href":"https:\/\/encuentroinformativo.com.mx\/index.php?rest_route=%2Fwp%2Fv2%2Fcategories&post=23821"},{"taxonomy":"post_tag","embeddable":true,"href":"https:\/\/encuentroinformativo.com.mx\/index.php?rest_route=%2Fwp%2Fv2%2Ftags&post=23821"}],"curies":[{"name":"wp","href":"https:\/\/api.w.org\/{rel}","templated":true}]}}