{"id":23831,"date":"2022-02-22T09:11:36","date_gmt":"2022-02-22T15:11:36","guid":{"rendered":"https:\/\/encuentroinformativo.com.mx\/?p=23831"},"modified":"2022-02-22T09:11:39","modified_gmt":"2022-02-22T15:11:39","slug":"ayuntamiento-de-veracruz-organizara-triatlon-estatal","status":"publish","type":"post","link":"https:\/\/encuentroinformativo.com.mx\/?p=23831","title":{"rendered":"Ayuntamiento de Veracruz organizar\u00e1 Triatl\u00f3n Estatal"},"content":{"rendered":"\n<p><strong>Alejandro \u00c1vila<\/strong><\/p>\n\n\n\n<p>Veracruz, Ver.- El director de Fomento Deportivo del municipio de Veracruz, Jos\u00e9 Antonio Salvatori Arjona, confirm\u00f3 que se lleg\u00f3 a un acuerdo con el Instituto Veracruzano del Deporte (IVD) para poder realizar el Triatl\u00f3n Regional y Estatal en la ciudad.<\/p>\n\n\n\n<p>Los d\u00edas 5 y 6 de marzo, y 18,19 y 20 de marzo, se llevar\u00e1n a cabo el Triatl\u00f3n Regional y Estatal, respectivamente; las disciplinas que engloban este deporte, como son nataci\u00f3n en aguas abiertas, ciclismo y marat\u00f3n, se realizar\u00e1n en Playa Regatas y el bulevar &#8220;Manuel \u00c1vila Camacho&#8221;.<\/p>\n\n\n\n<p>&#8220;Estuvimos platicando tambi\u00e9n con el Instituto Veracruzano del Deporte, para que la etapa estatal del Triatl\u00f3n se llevara a cabo aqu\u00ed en Veracruz (\u2026) creo que ser\u00eda muy positivo para la ciudadan\u00eda, para los empresarios, para todos los comerciantes, porque es una derrama econ\u00f3mica el que haya un evento estatal en el municipio de Veracruz&#8221;, apunt\u00f3.<\/p>\n\n\n\n<p>Para el evento estatal de triatl\u00f3n, se estima la presencia de m\u00e1s de 200 personas, entre deportistas, entrenadores y familiares; aunado a ello, se presume podr\u00edan acudir competidores de Puebla, Tabasco y el equipo de la UNAM, pues funge como selectivo nacional.<\/p>\n\n\n\n<p>Salvatori Arjona mencion\u00f3 que, adem\u00e1s de este evento, se podr\u00eda albergar un selectivo nacional de voleibol de playa, toda vez que se acaban de rehabilitar dos canchas en Reino M\u00e1gico, y las autoridades de la Comisi\u00f3n Nacional del Deporte (CONADE) se fueron satisfechas con la log\u00edstica realizada el pasado fin de semana, durante el selectivo estatal.<\/p>\n\n\n\n<p>&#8220;Se rehabilitaron 2 canchas con arena s\u00edlica, con la puesta de redes, creo que la gente sali\u00f3 muy contenta de dicho evento, creo que es cosa de que gobierno y ciudadan\u00eda trabajen de la mano, para que tambi\u00e9n ocupen estos espacios que est\u00e1n ah\u00ed en las unidades deportivas; el mismo Reino M\u00e1gico tiene una pista de patinaje sumamente bonitas, la cual tiene las medidas profesionales, lo que ninguna pista en el Estado de Veracruz tiene&#8221;, asest\u00f3.<\/p>\n","protected":false},"excerpt":{"rendered":"<p>Alejandro \u00c1vila Veracruz, Ver.- El director de Fomento Deportivo del municipio de Veracruz, Jos\u00e9 Antonio Salvatori Arjona, confirm\u00f3 que se lleg\u00f3 a un acuerdo con el Instituto Veracruzano del Deporte (IVD) para poder realizar el Triatl\u00f3n Regional y Estatal en la ciudad. Los d\u00edas 5 y 6 de marzo, y 18,19 y 20 de marzo, [&hellip;]<\/p>\n","protected":false},"author":1,"featured_media":23832,"comment_status":"open","ping_status":"open","sticky":false,"template":"","format":"standard","meta":{"_jetpack_memberships_contains_paid_content":false,"footnotes":""},"categories":[2],"tags":[],"class_list":["post-23831","post","type-post","status-publish","format-standard","has-post-thumbnail","hentry","category-estado"],"jetpack_featured_media_url":"https:\/\/encuentroinformativo.com.mx\/wp-content\/uploads\/2022\/02\/D3C59286-E3B3-426D-9E1C-479E33034991.jpeg","jetpack_sharing_enabled":true,"jetpack_likes_enabled":true,"amp_enabled":true,"_links":{"self":[{"href":"https:\/\/encuentroinformativo.com.mx\/index.php?rest_route=\/wp\/v2\/posts\/23831","targetHints":{"allow":["GET"]}}],"collection":[{"href":"https:\/\/encuentroinformativo.com.mx\/index.php?rest_route=\/wp\/v2\/posts"}],"about":[{"href":"https:\/\/encuentroinformativo.com.mx\/index.php?rest_route=\/wp\/v2\/types\/post"}],"author":[{"embeddable":true,"href":"https:\/\/encuentroinformativo.com.mx\/index.php?rest_route=\/wp\/v2\/users\/1"}],"replies":[{"embeddable":true,"href":"https:\/\/encuentroinformativo.com.mx\/index.php?rest_route=%2Fwp%2Fv2%2Fcomments&post=23831"}],"version-history":[{"count":1,"href":"https:\/\/encuentroinformativo.com.mx\/index.php?rest_route=\/wp\/v2\/posts\/23831\/revisions"}],"predecessor-version":[{"id":23833,"href":"https:\/\/encuentroinformativo.com.mx\/index.php?rest_route=\/wp\/v2\/posts\/23831\/revisions\/23833"}],"wp:featuredmedia":[{"embeddable":true,"href":"https:\/\/encuentroinformativo.com.mx\/index.php?rest_route=\/wp\/v2\/media\/23832"}],"wp:attachment":[{"href":"https:\/\/encuentroinformativo.com.mx\/index.php?rest_route=%2Fwp%2Fv2%2Fmedia&parent=23831"}],"wp:term":[{"taxonomy":"category","embeddable":true,"href":"https:\/\/encuentroinformativo.com.mx\/index.php?rest_route=%2Fwp%2Fv2%2Fcategories&post=23831"},{"taxonomy":"post_tag","embeddable":true,"href":"https:\/\/encuentroinformativo.com.mx\/index.php?rest_route=%2Fwp%2Fv2%2Ftags&post=23831"}],"curies":[{"name":"wp","href":"https:\/\/api.w.org\/{rel}","templated":true}]}}