{"id":23840,"date":"2022-02-22T10:02:55","date_gmt":"2022-02-22T16:02:55","guid":{"rendered":"https:\/\/encuentroinformativo.com.mx\/?p=23840"},"modified":"2022-02-22T10:02:57","modified_gmt":"2022-02-22T16:02:57","slug":"estudiantes-toman-instalaciones-del-tecnologico-de-alvarado","status":"publish","type":"post","link":"https:\/\/encuentroinformativo.com.mx\/?p=23840","title":{"rendered":"Estudiantes toman instalaciones del Tecnol\u00f3gico de Alvarado"},"content":{"rendered":"\n<p><strong>Alejandro \u00c1vila<\/strong><\/p>\n\n\n\n<p>Alvarado, Ver.- Decenas de estudiantes tomaron la ma\u00f1ana de este martes las instalaciones del Instituto Tecnol\u00f3gico de Alvarado, ya que solicitan la destituci\u00f3n del director del plantel educativo, Miguel Hern\u00e1ndez Linares, por diversas irregularidades, entre las que destacan, aumento injustificado de cuotas escolares y falta de condiciones para desarrollar sus actividades.<\/p>\n\n\n\n<p>Los estudiantes se\u00f1alan el camino de acceso est\u00e1 en p\u00e9simas condiciones muchos de ellos han sufrido diversas lesiones al transitar por ah\u00ed; sin embargo, el director del plantel educativo les menciona que a \u00e9l no le interesa lo que le suceda a los j\u00f3venes 300 metros despu\u00e9s alrededor del plantel educativo.<\/p>\n\n\n\n<p>Los afectados mencionan que su arrogancia ha llegado a tal grado de asegurarles, que \u00e9l nunca ser\u00e1 destituido de la instituci\u00f3n, pues encuentra apadrinado por el diputado, Juan Javier G\u00f3mez Cazar\u00edn.<\/p>\n\n\n\n<p>&#8220;Las instalaciones no est\u00e1n aptas para el regreso a clases, la primera semana no cont\u00e1bamos con gel antibacterial, no cont\u00e1bamos con Internet, no contamos con agua, no contamos con jab\u00f3n para lavarnos las manos, no ten\u00edamos ca\u00f1\u00f3n en las aulas para presentar nuestros trabajos, y hay mucha inconformidad por la situaci\u00f3n. Acudimos a querer hablar con \u00e9l y \u00e9l no nos atendi\u00f3, no estaba, los administrativos, algunos, que son su gente de confianza, nos gritaron, nos alzaron la voz, y por esos motivos decidimos tomar las instalaciones del Tecnol\u00f3gico&#8221;, declar\u00f3 Jocelyn, vocera de los alumnos afectados.<\/p>\n\n\n\n<p>Los manifestantes se\u00f1alan que son cerca de 2 500 alumnos los afectados, provenientes de municipios como Tlalixcoyan, Lerdo de Tejada y Alvarado; mismos que han tenido problemas para continuar en este ciclo escolar, pues el mismo director aument\u00f3 las cuotas del curso sabatino, sabiendo que es el de m\u00e1s inter\u00e9s entre los j\u00f3venes de la regi\u00f3n.<\/p>\n\n\n\n<p>&#8220;Aqu\u00ed en Alvarado la situaci\u00f3n estudiantil est\u00e1 muy decadente, nos quiere quitar la sede Alvarado, ya que est\u00e1 instituci\u00f3n se luch\u00f3 mucho para que se quede aqu\u00ed, quiere cambiarla cda Medell\u00edn y eso tampoco lo podemos permitir (\u2026) aqu\u00ed en Alvarado la econom\u00eda est\u00e1 muy mal, no todos cuentan con dinero para irse a estudiar a Veracruz, no todos cuentan con dinero para pagar una renta, apurado aqu\u00ed en Alvarado hay alumnos que vienen diario, y hay alumnos que trabajan toda la semana para poder estudiar un sabatino, entonces subi\u00e9ndoles los costos a los sabatinos, \u00bfqu\u00e9 hace eso?, \u00bfqu\u00e9 ocasiona?, qu\u00e9 los alumnos no puedan avanzar acad\u00e9micamente porque la situaci\u00f3n est\u00e1 muy mal&#8221;, asest\u00f3.<\/p>\n\n\n\n<p>Los alumnos exigen la destituci\u00f3n del director Miguel Hern\u00e1ndez Linares, al tiempo que piden una audiencia con el gobernador Cuitl\u00e1huac Garc\u00eda Jim\u00e9nez y los encargados del Tecnol\u00f3gico Nacional, para lograr una soluci\u00f3n a sus problemas acad\u00e9micos.<\/p>\n\n\n\n<p>&#8220;Qu\u00e9 nos den una soluci\u00f3n y no queremos agente pol\u00edtica, No queremos a gente que est\u00e9 apadrinada por pol\u00edticos, queremos a alguien que nos escuche y entienda a la juventud alvarade\u00f1a, es lo que queremos&#8221;, puntualiz\u00f3.<\/p>\n","protected":false},"excerpt":{"rendered":"<p>Alejandro \u00c1vila Alvarado, Ver.- Decenas de estudiantes tomaron la ma\u00f1ana de este martes las instalaciones del Instituto Tecnol\u00f3gico de Alvarado, ya que solicitan la destituci\u00f3n del director del plantel educativo, Miguel Hern\u00e1ndez Linares, por diversas irregularidades, entre las que destacan, aumento injustificado de cuotas escolares y falta de condiciones para desarrollar sus actividades. Los estudiantes [&hellip;]<\/p>\n","protected":false},"author":1,"featured_media":23841,"comment_status":"open","ping_status":"open","sticky":false,"template":"","format":"standard","meta":{"_jetpack_memberships_contains_paid_content":false,"footnotes":""},"categories":[2],"tags":[],"class_list":["post-23840","post","type-post","status-publish","format-standard","has-post-thumbnail","hentry","category-estado"],"jetpack_featured_media_url":"https:\/\/encuentroinformativo.com.mx\/wp-content\/uploads\/2022\/02\/FA46FB3C-4A22-4B7C-9FD2-9DACCAE0AC35.jpeg","jetpack_sharing_enabled":true,"jetpack_likes_enabled":true,"amp_enabled":true,"_links":{"self":[{"href":"https:\/\/encuentroinformativo.com.mx\/index.php?rest_route=\/wp\/v2\/posts\/23840","targetHints":{"allow":["GET"]}}],"collection":[{"href":"https:\/\/encuentroinformativo.com.mx\/index.php?rest_route=\/wp\/v2\/posts"}],"about":[{"href":"https:\/\/encuentroinformativo.com.mx\/index.php?rest_route=\/wp\/v2\/types\/post"}],"author":[{"embeddable":true,"href":"https:\/\/encuentroinformativo.com.mx\/index.php?rest_route=\/wp\/v2\/users\/1"}],"replies":[{"embeddable":true,"href":"https:\/\/encuentroinformativo.com.mx\/index.php?rest_route=%2Fwp%2Fv2%2Fcomments&post=23840"}],"version-history":[{"count":1,"href":"https:\/\/encuentroinformativo.com.mx\/index.php?rest_route=\/wp\/v2\/posts\/23840\/revisions"}],"predecessor-version":[{"id":23842,"href":"https:\/\/encuentroinformativo.com.mx\/index.php?rest_route=\/wp\/v2\/posts\/23840\/revisions\/23842"}],"wp:featuredmedia":[{"embeddable":true,"href":"https:\/\/encuentroinformativo.com.mx\/index.php?rest_route=\/wp\/v2\/media\/23841"}],"wp:attachment":[{"href":"https:\/\/encuentroinformativo.com.mx\/index.php?rest_route=%2Fwp%2Fv2%2Fmedia&parent=23840"}],"wp:term":[{"taxonomy":"category","embeddable":true,"href":"https:\/\/encuentroinformativo.com.mx\/index.php?rest_route=%2Fwp%2Fv2%2Fcategories&post=23840"},{"taxonomy":"post_tag","embeddable":true,"href":"https:\/\/encuentroinformativo.com.mx\/index.php?rest_route=%2Fwp%2Fv2%2Ftags&post=23840"}],"curies":[{"name":"wp","href":"https:\/\/api.w.org\/{rel}","templated":true}]}}