{"id":23847,"date":"2022-02-22T12:12:10","date_gmt":"2022-02-22T18:12:10","guid":{"rendered":"https:\/\/encuentroinformativo.com.mx\/?p=23847"},"modified":"2022-02-22T12:12:14","modified_gmt":"2022-02-22T18:12:14","slug":"mutaciones-de-roya-afectan-50-de-cafetales","status":"publish","type":"post","link":"https:\/\/encuentroinformativo.com.mx\/?p=23847","title":{"rendered":"Mutaciones de roya afectan 50% de cafetales"},"content":{"rendered":"\n<p><strong>Juan Arcos<\/strong><\/p>\n\n\n\n<p>Xalapa, Ver.- La plaga de la roya ha mutado y da\u00f1ado el 50 por ciento de los cafetales del estado de Veracruz, durante esta cosecha 2021-2022.<\/p>\n\n\n\n<p>El problema ha sido notorio en las zonas de Cosautl\u00e1n de Carvajal, Naolinco y Tepetl\u00e1n, municipios cercanos a la ciudad de Xalapa.<\/p>\n\n\n\n<p>En la actualidad se contabilizan 90 mil hect\u00e1reas de caf\u00e9 en la entidad, de las cuales 45 mil registraron da\u00f1os por el hongo.<\/p>\n\n\n\n<p>De acuerdo con Cirilo Elotl\u00e1n D\u00edaz, secretario del Consejo Regional del Caf\u00e9 de Coatepec, las variedades que anteriormente eran resistentes a esta plaga tambi\u00e9n han resultado afectadas.<\/p>\n\n\n\n<p>\u201cEl gran problema de esta plaga es que est\u00e1 mutando. Hasta el a\u00f1o pasado, los catimores, las variedades catimores, que eran los resistentes a roya, ahora tambi\u00e9n les est\u00e1 pegando la roya\u201d, expresa.<\/p>\n\n\n\n<p>El l\u00edder cafetalero explica que el desarrollo de la roya tiene tres ciclos, cuyo impacto incrementa con el paso de los meses, afectando a las plantas de caf\u00e9.<\/p>\n\n\n\n<p>\u201cSu desarrollo tiene tres ciclos: en mayo-junio, que es leve; agosto-septiembre, que es un poco m\u00e1s severo; y la tercera en noviembre-diciembre, que era cuando acababan las plantaciones, siempre y cuando esas plantaciones estuvieran cargadas de caf\u00e9. En este momento se est\u00e1n dando fen\u00f3menos de que la roya est\u00e1 presente\u201d.<\/p>\n\n\n\n<p>La roya es un hongo fitopar\u00e1sito que es exclusivo de los cafetales. Es considerada una de las enfermedades m\u00e1s catastr\u00f3ficas que puede afectar a los cultivos y est\u00e1 dentro de las que m\u00e1s p\u00e9rdidas ha ocasionado en los \u00faltimos 100 a\u00f1os.<\/p>\n\n\n\n<p>En este momento, los productores no pueden aplicar un fungicida, debido a que las floraciones podr\u00edan resultar afectadas y perder calidad.<\/p>\n\n\n\n<p>\u201cAl aplicar un fungicida podemos ahuyentar a las abejas que permiten la fotos\u00edntesis, se nos complica. Tenemos que esperar a que la planta desarrolle toda su floraci\u00f3n y una vez pasando esa etapa ya podremos aplicar algunos productos de contacto\u201d.<\/p>\n\n\n\n<p>La roya no permite que el caf\u00e9 madure y ocasiona que se caiga de la mata, generando p\u00e9rdidas cuantiosas para los cafeticultores.<br>Hasta hace un tiempo, de acuerdo con el Padr\u00f3n Nacional Cafetalero, se ten\u00eda registro de 135 mil hect\u00e1reas, pero solo se conservan 90 mil hect\u00e1reas.<\/p>\n","protected":false},"excerpt":{"rendered":"<p>Juan Arcos Xalapa, Ver.- La plaga de la roya ha mutado y da\u00f1ado el 50 por ciento de los cafetales del estado de Veracruz, durante esta cosecha 2021-2022. El problema ha sido notorio en las zonas de Cosautl\u00e1n de Carvajal, Naolinco y Tepetl\u00e1n, municipios cercanos a la ciudad de Xalapa. En la actualidad se contabilizan [&hellip;]<\/p>\n","protected":false},"author":1,"featured_media":23848,"comment_status":"open","ping_status":"open","sticky":false,"template":"","format":"standard","meta":{"_jetpack_memberships_contains_paid_content":false,"footnotes":""},"categories":[8],"tags":[],"class_list":["post-23847","post","type-post","status-publish","format-standard","has-post-thumbnail","hentry","category-region"],"jetpack_featured_media_url":"https:\/\/encuentroinformativo.com.mx\/wp-content\/uploads\/2022\/02\/7F46CBF9-CEAB-4A40-B20F-B57B0C0E17D3.jpeg","jetpack_sharing_enabled":true,"jetpack_likes_enabled":true,"amp_enabled":true,"_links":{"self":[{"href":"https:\/\/encuentroinformativo.com.mx\/index.php?rest_route=\/wp\/v2\/posts\/23847","targetHints":{"allow":["GET"]}}],"collection":[{"href":"https:\/\/encuentroinformativo.com.mx\/index.php?rest_route=\/wp\/v2\/posts"}],"about":[{"href":"https:\/\/encuentroinformativo.com.mx\/index.php?rest_route=\/wp\/v2\/types\/post"}],"author":[{"embeddable":true,"href":"https:\/\/encuentroinformativo.com.mx\/index.php?rest_route=\/wp\/v2\/users\/1"}],"replies":[{"embeddable":true,"href":"https:\/\/encuentroinformativo.com.mx\/index.php?rest_route=%2Fwp%2Fv2%2Fcomments&post=23847"}],"version-history":[{"count":1,"href":"https:\/\/encuentroinformativo.com.mx\/index.php?rest_route=\/wp\/v2\/posts\/23847\/revisions"}],"predecessor-version":[{"id":23849,"href":"https:\/\/encuentroinformativo.com.mx\/index.php?rest_route=\/wp\/v2\/posts\/23847\/revisions\/23849"}],"wp:featuredmedia":[{"embeddable":true,"href":"https:\/\/encuentroinformativo.com.mx\/index.php?rest_route=\/wp\/v2\/media\/23848"}],"wp:attachment":[{"href":"https:\/\/encuentroinformativo.com.mx\/index.php?rest_route=%2Fwp%2Fv2%2Fmedia&parent=23847"}],"wp:term":[{"taxonomy":"category","embeddable":true,"href":"https:\/\/encuentroinformativo.com.mx\/index.php?rest_route=%2Fwp%2Fv2%2Fcategories&post=23847"},{"taxonomy":"post_tag","embeddable":true,"href":"https:\/\/encuentroinformativo.com.mx\/index.php?rest_route=%2Fwp%2Fv2%2Ftags&post=23847"}],"curies":[{"name":"wp","href":"https:\/\/api.w.org\/{rel}","templated":true}]}}