{"id":23851,"date":"2022-02-22T12:23:50","date_gmt":"2022-02-22T18:23:50","guid":{"rendered":"https:\/\/encuentroinformativo.com.mx\/?p=23851"},"modified":"2022-02-22T12:23:54","modified_gmt":"2022-02-22T18:23:54","slug":"ex-elemento-del-ipax-denuncia-despido-por-discriminacion","status":"publish","type":"post","link":"https:\/\/encuentroinformativo.com.mx\/?p=23851","title":{"rendered":"Ex elemento del IPAX denuncia despido por discriminaci\u00f3n"},"content":{"rendered":"\n<p>Xalapa, Ver.- Vinicio Escobar Flores fue despedido del IPAX tras laborar 14 a\u00f1os como vigilante operativo, acus\u00f3 al comisionado H\u00e9ctor Manuel Riveros Hern\u00e1ndez de descriminarlo por padecer VIH y despedirlo con faltas administrativas sin otorgarle liquidaci\u00f3n, por lo que pidi\u00f3 ayuda al Gobernador.<\/p>\n\n\n\n<p>El afectado ofreci\u00f3 conferencia de prensa en conocido caf\u00e9 de la zona centro, mostrando cartulinas con su inconformidad. <\/p>\n\n\n\n<figure class=\"wp-block-image size-large\"><img loading=\"lazy\" decoding=\"async\" width=\"1024\" height=\"683\" src=\"https:\/\/encuentroinformativo.com.mx\/wp-content\/uploads\/2022\/02\/0FDDD29A-1C11-4D6A-BDA6-EBAE9A4F4FE1-1024x683.jpeg\" alt=\"\" class=\"wp-image-23853\" srcset=\"https:\/\/encuentroinformativo.com.mx\/wp-content\/uploads\/2022\/02\/0FDDD29A-1C11-4D6A-BDA6-EBAE9A4F4FE1-1024x683.jpeg 1024w, https:\/\/encuentroinformativo.com.mx\/wp-content\/uploads\/2022\/02\/0FDDD29A-1C11-4D6A-BDA6-EBAE9A4F4FE1-300x200.jpeg 300w, https:\/\/encuentroinformativo.com.mx\/wp-content\/uploads\/2022\/02\/0FDDD29A-1C11-4D6A-BDA6-EBAE9A4F4FE1-768x512.jpeg 768w, https:\/\/encuentroinformativo.com.mx\/wp-content\/uploads\/2022\/02\/0FDDD29A-1C11-4D6A-BDA6-EBAE9A4F4FE1-1536x1024.jpeg 1536w, https:\/\/encuentroinformativo.com.mx\/wp-content\/uploads\/2022\/02\/0FDDD29A-1C11-4D6A-BDA6-EBAE9A4F4FE1.jpeg 1600w\" sizes=\"auto, (max-width: 1024px) 100vw, 1024px\" \/><\/figure>\n","protected":false},"excerpt":{"rendered":"<p>Xalapa, Ver.- Vinicio Escobar Flores fue despedido del IPAX tras laborar 14 a\u00f1os como vigilante operativo, acus\u00f3 al comisionado H\u00e9ctor Manuel Riveros Hern\u00e1ndez de descriminarlo por padecer VIH y despedirlo con faltas administrativas sin otorgarle liquidaci\u00f3n, por lo que pidi\u00f3 ayuda al Gobernador. El afectado ofreci\u00f3 conferencia de prensa en conocido caf\u00e9 de la zona [&hellip;]<\/p>\n","protected":false},"author":1,"featured_media":23852,"comment_status":"open","ping_status":"open","sticky":false,"template":"","format":"standard","meta":{"_jetpack_memberships_contains_paid_content":false,"footnotes":""},"categories":[3],"tags":[],"class_list":["post-23851","post","type-post","status-publish","format-standard","has-post-thumbnail","hentry","category-xalapa"],"jetpack_featured_media_url":"https:\/\/encuentroinformativo.com.mx\/wp-content\/uploads\/2022\/02\/60DCF3CB-CB4C-4EEF-A499-459171CAB2FB.jpeg","jetpack_sharing_enabled":true,"jetpack_likes_enabled":true,"amp_enabled":true,"_links":{"self":[{"href":"https:\/\/encuentroinformativo.com.mx\/index.php?rest_route=\/wp\/v2\/posts\/23851","targetHints":{"allow":["GET"]}}],"collection":[{"href":"https:\/\/encuentroinformativo.com.mx\/index.php?rest_route=\/wp\/v2\/posts"}],"about":[{"href":"https:\/\/encuentroinformativo.com.mx\/index.php?rest_route=\/wp\/v2\/types\/post"}],"author":[{"embeddable":true,"href":"https:\/\/encuentroinformativo.com.mx\/index.php?rest_route=\/wp\/v2\/users\/1"}],"replies":[{"embeddable":true,"href":"https:\/\/encuentroinformativo.com.mx\/index.php?rest_route=%2Fwp%2Fv2%2Fcomments&post=23851"}],"version-history":[{"count":1,"href":"https:\/\/encuentroinformativo.com.mx\/index.php?rest_route=\/wp\/v2\/posts\/23851\/revisions"}],"predecessor-version":[{"id":23854,"href":"https:\/\/encuentroinformativo.com.mx\/index.php?rest_route=\/wp\/v2\/posts\/23851\/revisions\/23854"}],"wp:featuredmedia":[{"embeddable":true,"href":"https:\/\/encuentroinformativo.com.mx\/index.php?rest_route=\/wp\/v2\/media\/23852"}],"wp:attachment":[{"href":"https:\/\/encuentroinformativo.com.mx\/index.php?rest_route=%2Fwp%2Fv2%2Fmedia&parent=23851"}],"wp:term":[{"taxonomy":"category","embeddable":true,"href":"https:\/\/encuentroinformativo.com.mx\/index.php?rest_route=%2Fwp%2Fv2%2Fcategories&post=23851"},{"taxonomy":"post_tag","embeddable":true,"href":"https:\/\/encuentroinformativo.com.mx\/index.php?rest_route=%2Fwp%2Fv2%2Ftags&post=23851"}],"curies":[{"name":"wp","href":"https:\/\/api.w.org\/{rel}","templated":true}]}}