{"id":23855,"date":"2022-02-22T13:06:53","date_gmt":"2022-02-22T19:06:53","guid":{"rendered":"https:\/\/encuentroinformativo.com.mx\/?p=23855"},"modified":"2022-02-22T13:06:56","modified_gmt":"2022-02-22T19:06:56","slug":"evangelicos-exhortan-a-participar-en-consulta-de-revocacion","status":"publish","type":"post","link":"https:\/\/encuentroinformativo.com.mx\/?p=23855","title":{"rendered":"Evang\u00e9licos exhortan a participar en consulta de revocaci\u00f3n"},"content":{"rendered":"\n<p><strong>Dar\u00edo Pale <\/strong><\/p>\n\n\n\n<p>Xalapa, Ver.- El presidente de la Red Evang\u00e9lica de Veracruz, Guillermo Trujillo \u00c1lvarez invit\u00f3 a la ciudadan\u00eda para que salga a votar en la revocaci\u00f3n del mandato el pr\u00f3ximo 10 de abril y tome una decisi\u00f3n en cuanto a la continuidad de Andr\u00e9s Manuel L\u00f3pez Obrador en la presidencia de M\u00e9xico.<\/p>\n\n\n\n<p>En conferencia de prensa realizada en conocido caf\u00e9 del centro de Xalapa hizo una invitaci\u00f3n a la ciudadan\u00eda en general para que participen el 10 de abril en la revocaci\u00f3n del mandato, ya que por a\u00f1os se busc\u00f3 que se llegara a este ejercicio democr\u00e1tico por lo que se debe de aprovechar.<\/p>\n\n\n\n<p>Se\u00f1al\u00f3 que como comunidad evang\u00e9lica van a hacer uso de dicho derecho por lo que est\u00e1n promoviendo que la ciudadan\u00eda en general participe este 10 de abril en la votaci\u00f3n de la revocaci\u00f3n del mandato sin dar una l\u00ednea para ver si quieren que el presidente contin\u00fae o no gobernando.<\/p>\n\n\n\n<p>Cada una de las personas tiene su propio criterio y est\u00e1 viviendo la situaci\u00f3n del pa\u00eds en carne propia ya sea que le este llenado bien, mal o regular, de ah\u00ed depender\u00e1 que voten para que el presidente siga o no en el mandato por el tiempo que le resta, por lo que invit\u00f3 a la ciudadan\u00eda que haga huso de dicho derecho.<\/p>\n\n\n\n<p>El resultado de la consulta lo debe de respetar el presidente ya qua sea que contin\u00fae o no en el poder tal y como lo prometi\u00f3.<\/p>\n\n\n\n<p>En cuanto a la pasada consulta p\u00fablica donde casi nadie sali\u00f3 a votar coment\u00f3 que en muchas ocasiones las personas son muy indiferentes, cuando la pol\u00edtica les afecta para bien o para mal hay un efecto y el ciudadano se queja mucho pero cuando debe de tomar una decisi\u00f3n no va ya que prefiere hacer otras cosas y no perder un poco de tiempo para ir a emitir un voto.<\/p>\n\n\n\n<p>Se\u00f1al\u00f3 que espera que la mentalidad del ciudadano ya cambie de la queja a la acci\u00f3n por lo que hay que salir a votar cuando haya elecciones ya que es nuestro derecho y deber\u00eda de ser nuestra obligaci\u00f3n como en otros pa\u00edses.<\/p>\n\n\n\n<p>Finalmente en cuanto a los se\u00f1alamientos del INE sobre la falta de recursos para la instalaci\u00f3n de casillas se\u00f1al\u00f3 que ojal\u00e1 a falta de mesas puedan ampliar el horario para la votaci\u00f3n ya que los recursos est\u00e1n reducidos para que todos puedan emitir su voto ese d\u00eda y ver que deciden.<\/p>\n","protected":false},"excerpt":{"rendered":"<p>Dar\u00edo Pale Xalapa, Ver.- El presidente de la Red Evang\u00e9lica de Veracruz, Guillermo Trujillo \u00c1lvarez invit\u00f3 a la ciudadan\u00eda para que salga a votar en la revocaci\u00f3n del mandato el pr\u00f3ximo 10 de abril y tome una decisi\u00f3n en cuanto a la continuidad de Andr\u00e9s Manuel L\u00f3pez Obrador en la presidencia de M\u00e9xico. En conferencia [&hellip;]<\/p>\n","protected":false},"author":1,"featured_media":23856,"comment_status":"open","ping_status":"open","sticky":false,"template":"","format":"standard","meta":{"_jetpack_memberships_contains_paid_content":false,"footnotes":""},"categories":[3],"tags":[],"class_list":["post-23855","post","type-post","status-publish","format-standard","has-post-thumbnail","hentry","category-xalapa"],"jetpack_featured_media_url":"https:\/\/encuentroinformativo.com.mx\/wp-content\/uploads\/2022\/02\/054F381F-62F2-483D-85A2-DDB3D143CBC9.jpeg","jetpack_sharing_enabled":true,"jetpack_likes_enabled":true,"amp_enabled":true,"_links":{"self":[{"href":"https:\/\/encuentroinformativo.com.mx\/index.php?rest_route=\/wp\/v2\/posts\/23855","targetHints":{"allow":["GET"]}}],"collection":[{"href":"https:\/\/encuentroinformativo.com.mx\/index.php?rest_route=\/wp\/v2\/posts"}],"about":[{"href":"https:\/\/encuentroinformativo.com.mx\/index.php?rest_route=\/wp\/v2\/types\/post"}],"author":[{"embeddable":true,"href":"https:\/\/encuentroinformativo.com.mx\/index.php?rest_route=\/wp\/v2\/users\/1"}],"replies":[{"embeddable":true,"href":"https:\/\/encuentroinformativo.com.mx\/index.php?rest_route=%2Fwp%2Fv2%2Fcomments&post=23855"}],"version-history":[{"count":1,"href":"https:\/\/encuentroinformativo.com.mx\/index.php?rest_route=\/wp\/v2\/posts\/23855\/revisions"}],"predecessor-version":[{"id":23857,"href":"https:\/\/encuentroinformativo.com.mx\/index.php?rest_route=\/wp\/v2\/posts\/23855\/revisions\/23857"}],"wp:featuredmedia":[{"embeddable":true,"href":"https:\/\/encuentroinformativo.com.mx\/index.php?rest_route=\/wp\/v2\/media\/23856"}],"wp:attachment":[{"href":"https:\/\/encuentroinformativo.com.mx\/index.php?rest_route=%2Fwp%2Fv2%2Fmedia&parent=23855"}],"wp:term":[{"taxonomy":"category","embeddable":true,"href":"https:\/\/encuentroinformativo.com.mx\/index.php?rest_route=%2Fwp%2Fv2%2Fcategories&post=23855"},{"taxonomy":"post_tag","embeddable":true,"href":"https:\/\/encuentroinformativo.com.mx\/index.php?rest_route=%2Fwp%2Fv2%2Ftags&post=23855"}],"curies":[{"name":"wp","href":"https:\/\/api.w.org\/{rel}","templated":true}]}}